{"id":985,"date":"2011-04-08T10:31:42","date_gmt":"2011-04-08T08:31:42","guid":{"rendered":"http:\/\/mav.leine-solling.de\/?p=985"},"modified":"2011-04-08T11:04:11","modified_gmt":"2011-04-08T09:04:11","slug":"erste-aktion-im-aktionsjahr-%e2%80%9estress-frei-in-der-kita%e2%80%9c-nachhallmessung-in-der-kita-markoldendorf","status":"publish","type":"post","link":"https:\/\/mav.leine-solling.de\/?p=985","title":{"rendered":"Erste Aktion im Aktionsjahr \u201eStress-Frei in der Kita\u201c: Nachhallmessung in der KiTa Markoldendorf"},"content":{"rendered":"<p><a href=\"https:\/\/mav.leine-solling.de\/wp-content\/uploads\/2011\/04\/DSCI6038.jpg\"><img loading=\"lazy\" decoding=\"async\" class=\"aligncenter size-medium wp-image-987\" title=\"DSCI6038\" src=\"https:\/\/mav.leine-solling.de\/wp-content\/uploads\/2011\/04\/DSCI6038-224x300.jpg\" alt=\"\" width=\"224\" height=\"300\" srcset=\"https:\/\/mav.leine-solling.de\/wp-content\/uploads\/2011\/04\/DSCI6038-224x300.jpg 224w, https:\/\/mav.leine-solling.de\/wp-content\/uploads\/2011\/04\/DSCI6038-768x1024.jpg 768w\" sizes=\"auto, (max-width: 224px) 100vw, 224px\" \/><\/a><\/p>\n<p>In unserer Befragung der p\u00e4dagogischen Mitarbeitenden hat sich \u201eL\u00e4rm\u201c als eines der belastenden Hauptprobleme bei der Arbeit in den Kindertagesst\u00e4tten heraus gestellt. Zusammen mit unserer zust\u00e4ndigen Fachkraft f\u00fcr Arbeitssicherheit bei der <abbr class='c2c-text-hover' title='Evangelische Fachstelle f\u00fcr Arbeitssicherheit'>EFAS<\/abbr>, Herrn Ehbrecht, haben wir deshalb \u00fcberlegt, wie man sich diesem Problem n\u00e4hern kann. Eine von mehreren Ideen ist, die bau- und raumakustischen Gegebenheiten in Kindertagesst\u00e4tten in Zusammenarbeit mit der Hochschule f\u00fcr angewandte Wissenschaft und Kunst (HAWK) in Holzminden zu untersuchen und durch studentische Ausarbeitungen Vorschl\u00e4ge f\u00fcr Sanierungen zu erhalten. Neben dem optimalen Verbesserungspotential soll auch aufgezeigt werden, wie mit geringen finanziellen Mitteln und in Eigeninitiative wirksame Ma\u00dfnahmen durchgef\u00fchrt werden k\u00f6nnen. M\u00f6glicher Weise k\u00f6nnen aus mehreren (oder vielen) Untersuchungsergebnissen dieses \u201eForschungsprojekts\u201c grunds\u00e4tzliche Schlussfolgerungen gezogen werden. Wenn m\u00f6glich, sollen diese Erkenntnisse in einer Arbeitshilfe zusammen gef\u00fchrt werden, mit der Kindertagesst\u00e4ttentr\u00e4ger im Gesamtbereich der EKD Sanierungsplanungen nach Bedarf selbst\u00e4ndig durchf\u00fchren k\u00f6nnen.<!--more--><\/p>\n<p>Das Thema \u201eL\u00e4rm\u201c enth\u00e4lt zwei grunds\u00e4tzliche Teilaspekte: den L\u00e4rmpegel (Lautst\u00e4rke eines Schallereignisses) und die Nachhallzeit. Gerade letzteres ist oftmals ein gro\u00dfes Problem in Kindertagesst\u00e4tten. Nachhall resultiert aus harten Oberfl\u00e4chen (W\u00e4nde, Decken, Bodenbel\u00e4ge, Fenster etc.), die den Sprachschall (auch anderer L\u00e4rmereignisse) zur\u00fcck werfen. Der reflektierte Schall \u00fcberlagert sich mit dem direkten Sprachschall. Dieser Effekt mindert die Sprachverst\u00e4ndlichkeit. Um das auszugleichen, sprechen die Menschen meist lauter, um doch verstehen zu k\u00f6nnen. Mit dem Ansteigen des L\u00e4rmpegels gibt es mehr Reflexionsschall \u2013 ein Teufelskreis.<\/p>\n<p>Der L\u00e4rm ist ein Stressfaktor, der sich negativ auf das Wohlbefinden von Erwachsenen und Kindern auswirken kann. Adrenalin wird im K\u00f6rper freigesetzt, was bei Dauerhaftigkeit Bluthochdruck und entsprechende Folgekrankheiten bewirken kann. Deshalb sollten L\u00e4rmschutzma\u00dfnahmen ausgef\u00fchrt werden. Sie beziehen sich in Kindertagesst\u00e4tten vor allem auf die Reduzierung des Nachhalls. Er sollte deutlich k\u00fcrzer als eine Sekunde sein. Geringere Nachhallzeiten bedeuten bessere Sprachverst\u00e4ndlichkeit, weshalb die Menschen weniger laut sprechen \u2013 ein zus\u00e4tzlicher Gewinn hinsichtlich geringerer Belastungen. Die bessere Sprachverst\u00e4ndlichkeit ist \u00fcbrigens vorteilhaft f\u00fcr den Spracherwerb der Kinder.<\/p>\n<p>Am 31.03.2011 war es nun soweit. Professor Reinhardt Lamers von der HAWK in Holzminden, begleitet von Dipl.-Ing. Gernot Liebau, besuchte mit ca. 20 Studierenden des Studiengangs Geb\u00e4udetechnik den Ev.-luth. Kindergarten in Markoldendorf, um im Rahmen eines Praktikums Nachhallmessungen durchzuf\u00fchren und die baulichen Gegebenheiten zu studieren. Schnell waren Testtongenerator, Lautsprecher und Messger\u00e4t in Stellung gebracht und Messungen im Speiseraum \/ K\u00fcche bzw. im Mehrzweckraum durchgef\u00fchrt. F\u00fcr diese R\u00e4ume besteht der Verdacht, dass die Nachhallzeiten zu lang sind. Die Untersuchungsergebnisse werden nun ausgewertet. Die Studierenden werden unter Anleitung von Prof. Lamers Vorschl\u00e4ge zur Verbesserung der Raumakustik machen.<\/p>\n<p>Voraussichtlich im Herbst werden wir einen Vortrag zum Thema \u201eL\u00e4rm\u201c organisieren.<br \/>\nWir werden weiter berichten!<\/p>\n<p>(Die <abbr class='c2c-text-hover' title='Mitarbeitervertretung'>MAV<\/abbr> Leine-Solling dankt Herrn Ehbrecht f\u00fcr diesen Artikel und das Foto)<\/p>\n","protected":false},"excerpt":{"rendered":"<p>In unserer Befragung der p\u00e4dagogischen Mitarbeitenden hat sich \u201eL\u00e4rm\u201c als eines der belastenden Hauptprobleme bei der Arbeit in den Kindertagesst\u00e4tten heraus gestellt. Zusammen mit unserer zust\u00e4ndigen Fachkraft f\u00fcr Arbeitssicherheit bei der <abbr class='c2c-text-hover' title='Evangelische Fachstelle f\u00fcr Arbeitssicherheit'>EFAS<\/abbr>, Herrn Ehbrecht, haben wir deshalb \u00fcberlegt, wie man sich diesem Problem n\u00e4hern kann. Eine von mehreren Ideen ist, die bau- und raumakustischen Gegebenheiten [&hellip;]<\/p>\n","protected":false},"author":1,"featured_media":0,"comment_status":"closed","ping_status":"closed","sticky":false,"template":"","format":"standard","meta":{"footnotes":""},"categories":[1],"tags":[37,40,45,27],"class_list":["post-985","post","type-post","status-publish","format-standard","hentry","category-informationen","tag-arbeitssicherheit","tag-kita","tag-larm","tag-stress"],"_links":{"self":[{"href":"https:\/\/mav.leine-solling.de\/index.php?rest_route=\/wp\/v2\/posts\/985","targetHints":{"allow":["GET"]}}],"collection":[{"href":"https:\/\/mav.leine-solling.de\/index.php?rest_route=\/wp\/v2\/posts"}],"about":[{"href":"https:\/\/mav.leine-solling.de\/index.php?rest_route=\/wp\/v2\/types\/post"}],"author":[{"embeddable":true,"href":"https:\/\/mav.leine-solling.de\/index.php?rest_route=\/wp\/v2\/users\/1"}],"replies":[{"embeddable":true,"href":"https:\/\/mav.leine-solling.de\/index.php?rest_route=%2Fwp%2Fv2%2Fcomments&post=985"}],"version-history":[{"count":6,"href":"https:\/\/mav.leine-solling.de\/index.php?rest_route=\/wp\/v2\/posts\/985\/revisions"}],"predecessor-version":[{"id":992,"href":"https:\/\/mav.leine-solling.de\/index.php?rest_route=\/wp\/v2\/posts\/985\/revisions\/992"}],"wp:attachment":[{"href":"https:\/\/mav.leine-solling.de\/index.php?rest_route=%2Fwp%2Fv2%2Fmedia&parent=985"}],"wp:term":[{"taxonomy":"category","embeddable":true,"href":"https:\/\/mav.leine-solling.de\/index.php?rest_route=%2Fwp%2Fv2%2Fcategories&post=985"},{"taxonomy":"post_tag","embeddable":true,"href":"https:\/\/mav.leine-solling.de\/index.php?rest_route=%2Fwp%2Fv2%2Ftags&post=985"}],"curies":[{"name":"wp","href":"https:\/\/api.w.org\/{rel}","templated":true}]}}