{"id":923,"date":"2011-01-06T10:53:27","date_gmt":"2011-01-06T08:53:27","guid":{"rendered":"http:\/\/mav.leine-solling.de\/?p=923"},"modified":"2011-01-06T10:53:27","modified_gmt":"2011-01-06T08:53:27","slug":"mehr-geld-ab-januar-2011","status":"publish","type":"post","link":"https:\/\/mav.leine-solling.de\/?p=923","title":{"rendered":"Mehr Geld ab Januar 2011"},"content":{"rendered":"<p>Viele Besch\u00e4ftigte in unserem Kirchenkreis d\u00fcrften ab diesem Monat mit mehr Geld rechnen. Betroffen sind alle, die schon vor dem 01.01.2009 im Kirchenkreis besch\u00e4ftigt waren und durch die \u00dcberleitung vom <abbr class='c2c-text-hover' title='Bundesangestelltentarifvertrag'>BAT<\/abbr> in den <abbr class='c2c-text-hover' title='Tarifvertrag der L\u00e4nder'>TV-L<\/abbr> in eine sog. <strong>individuelle Zwischenstufe<\/strong> gelangt sind.<\/p>\n<p>Bei der \u00dcberleitung in den <abbr class='c2c-text-hover' title='Tarifvertrag der L\u00e4nder'>TV-L<\/abbr> wurde ein Vergleichsentgelt ermittelt welches s\u00e4mtliche Lohnbestandteile des <abbr class='c2c-text-hover' title='Bundesangestelltentarifvertrag'>BAT<\/abbr> (Grundeingruppierung, Bew\u00e4hrungsaufstiege, Lebensalter, Kinder usw.) enthielt. Dieses Vergleichsentgelt war aber in den meisten F\u00e4llen nicht identisch mit den Entgeltstufen des <abbr class='c2c-text-hover' title='Tarifvertrag der L\u00e4nder'>TV-L<\/abbr>. Deshalb wurden f\u00fcr die Dauer von zwei Jahren (01.01.2009 bis 31.12.2010) <strong>individuelle Entgeltstufen<\/strong> gebildet.<\/p>\n<p>Wer bislang in seiner <em>Entgeltgruppe<\/em> <abbr class='c2c-text-hover' title='zum Beispiel'>z.B.<\/abbr> in der <strong>individuellen Entgeltstufe 3+<\/strong> war (diese Information findet man auf seiner Gehaltsabrechnung unter dem Stichwort &#8222;Bez\u00fcge&#8220;), r\u00fcckt ab 01.01.2011 in die <strong>Entgeltstufe 4. <\/strong><\/p>\n<p>Und das bedeutet: <strong>Mehr Geld!<\/strong><\/p>\n<p>Na dann: Frohes neues Jahr \ud83d\ude42<\/p>\n","protected":false},"excerpt":{"rendered":"<p>Viele Besch\u00e4ftigte in unserem Kirchenkreis d\u00fcrften ab diesem Monat mit mehr Geld rechnen. Betroffen sind alle, die schon vor dem 01.01.2009 im Kirchenkreis besch\u00e4ftigt waren und durch die \u00dcberleitung vom <abbr class='c2c-text-hover' title='Bundesangestelltentarifvertrag'>BAT<\/abbr> in den <abbr class='c2c-text-hover' title='Tarifvertrag der L\u00e4nder'>TV-L<\/abbr> in eine sog. individuelle Zwischenstufe gelangt sind. Bei der \u00dcberleitung in den <abbr class='c2c-text-hover' title='Tarifvertrag der L\u00e4nder'>TV-L<\/abbr> wurde ein Vergleichsentgelt ermittelt welches s\u00e4mtliche Lohnbestandteile des [&hellip;]<\/p>\n","protected":false},"author":1,"featured_media":0,"comment_status":"closed","ping_status":"closed","sticky":false,"template":"","format":"standard","meta":{"footnotes":""},"categories":[1],"tags":[],"class_list":["post-923","post","type-post","status-publish","format-standard","hentry","category-informationen"],"_links":{"self":[{"href":"https:\/\/mav.leine-solling.de\/index.php?rest_route=\/wp\/v2\/posts\/923","targetHints":{"allow":["GET"]}}],"collection":[{"href":"https:\/\/mav.leine-solling.de\/index.php?rest_route=\/wp\/v2\/posts"}],"about":[{"href":"https:\/\/mav.leine-solling.de\/index.php?rest_route=\/wp\/v2\/types\/post"}],"author":[{"embeddable":true,"href":"https:\/\/mav.leine-solling.de\/index.php?rest_route=\/wp\/v2\/users\/1"}],"replies":[{"embeddable":true,"href":"https:\/\/mav.leine-solling.de\/index.php?rest_route=%2Fwp%2Fv2%2Fcomments&post=923"}],"version-history":[{"count":4,"href":"https:\/\/mav.leine-solling.de\/index.php?rest_route=\/wp\/v2\/posts\/923\/revisions"}],"predecessor-version":[{"id":927,"href":"https:\/\/mav.leine-solling.de\/index.php?rest_route=\/wp\/v2\/posts\/923\/revisions\/927"}],"wp:attachment":[{"href":"https:\/\/mav.leine-solling.de\/index.php?rest_route=%2Fwp%2Fv2%2Fmedia&parent=923"}],"wp:term":[{"taxonomy":"category","embeddable":true,"href":"https:\/\/mav.leine-solling.de\/index.php?rest_route=%2Fwp%2Fv2%2Fcategories&post=923"},{"taxonomy":"post_tag","embeddable":true,"href":"https:\/\/mav.leine-solling.de\/index.php?rest_route=%2Fwp%2Fv2%2Ftags&post=923"}],"curies":[{"name":"wp","href":"https:\/\/api.w.org\/{rel}","templated":true}]}}