{"id":890,"date":"2010-11-23T12:08:55","date_gmt":"2010-11-23T10:08:55","guid":{"rendered":"http:\/\/mav.leine-solling.de\/?p=890"},"modified":"2010-12-14T12:00:21","modified_gmt":"2010-12-14T10:00:21","slug":"bewahrungsaufstieg-frist-bis-28-03-2013-verlangert","status":"publish","type":"post","link":"https:\/\/mav.leine-solling.de\/?p=890","title":{"rendered":"Bew\u00e4hrungsaufstieg: Frist bis 28.03.2013 verl\u00e4ngert"},"content":{"rendered":"<p>Nach einem Beschluss der <abbr class='c2c-text-hover' title='Arbeits- und Dienstrechtliche Kommission'>ADK<\/abbr> vom 20.09.2010, wird die Frist f\u00fcr die Weitergew\u00e4hrung von Bew\u00e4hrungs- und Fallgruppenaufstiegen bis zum 28.02.2013 verl\u00e4ngert. Bislang endete die Frist am 31.12.2010.<!--more--><\/p>\n<p><span style=\"text-decoration: underline;\">Wen betrifft das?<\/span><\/p>\n<p>Alle Mitarbeiterinnen und Mitarbeiter die bereits <strong>vor dem 01.01.2009 <\/strong> (\u00dcberleitung von <abbr class='c2c-text-hover' title='Bundesangestelltentarifvertrag'>BAT<\/abbr> in <abbr class='c2c-text-hover' title='Tarifvertrag der L\u00e4nder'>TV-L<\/abbr>) im Kirchenkreis besch\u00e4ftigt waren und bei denen die Voraussetzung f\u00fcr eine H\u00f6hergruppierung zu diesem Zeitpunkt noch nicht erf\u00fcllt war. Alle Betroffenen k\u00f6nnen nun noch in den Genuss einer eventuellen H\u00f6hergruppierung kommen, wenn der Zeitpunkt f\u00fcr die H\u00f6hergruppierung nach altem Recht (also nach <abbr class='c2c-text-hover' title='Bundesangestelltentarifvertrag'>BAT<\/abbr>) bis zum 28.03.2013 erreicht wird. Bislang galt hier der 31.12.2010.<\/p>\n<p>Diese verl\u00e4ngerte Frist gilt auch f\u00fcr noch eventuell ausstehende Verg\u00fctungsgruppenzulagen.<\/p>\n<p><strong>ABER: Dies geschieht nicht automatisch. Die betroffenen Mitarbeiter m\u00fcssen einen entsprechenden Antrag beim Arbeitgeber stellen.<\/strong><\/p>\n<p><span style=\"font-weight: normal;\">Da sicherlich nicht Jede oder Jeder seine aktuellen Bew\u00e4hrungsaufstiegszeitpunkte im Blick hat, werden wir als <abbr class='c2c-text-hover' title='Mitarbeitervertretung'>MAV<\/abbr> die notwendigen Informationen zusammentragen und die betroffenen MitarbeiterInnen im Kirchenkreis Leine-Solling anschreiben, damit fristgerecht ein Antrag bei jeweiligen Arbeitgeber gestellt werden kann.<\/span><\/p>\n<p><span style=\"font-weight: normal;\">Nach einer ersten groben \u00dcberpr\u00fcfung gehen wir davon aus, dass von dieser Neuregelung im Kirchenkreis Leine-Solling etwa 15 bis 20 Mitarbeitende betroffen sind.<\/span><\/p>\n<p><span style=\"font-weight: normal;\">Wer bis Ende des Jahres nichts von uns geh\u00f6rt hat, aber der Meinung ist von dieser Neuregelung ebenfalls betroffen zu sein, m\u00f6ge sich bitte an uns wenden.<\/span><\/p>\n","protected":false},"excerpt":{"rendered":"<p>Nach einem Beschluss der <abbr class='c2c-text-hover' title='Arbeits- und Dienstrechtliche Kommission'>ADK<\/abbr> vom 20.09.2010, wird die Frist f\u00fcr die Weitergew\u00e4hrung von Bew\u00e4hrungs- und Fallgruppenaufstiegen bis zum 28.02.2013 verl\u00e4ngert. Bislang endete die Frist am 31.12.2010.<\/p>\n","protected":false},"author":1,"featured_media":0,"comment_status":"closed","ping_status":"closed","sticky":false,"template":"","format":"standard","meta":{"footnotes":""},"categories":[1],"tags":[41,44,43,42],"class_list":["post-890","post","type-post","status-publish","format-standard","hentry","category-informationen","tag-bewahrungsaufstieg","tag-fallgruppenaufstieg","tag-uberleitung","tag-vergutungsgruppenzulage"],"_links":{"self":[{"href":"https:\/\/mav.leine-solling.de\/index.php?rest_route=\/wp\/v2\/posts\/890","targetHints":{"allow":["GET"]}}],"collection":[{"href":"https:\/\/mav.leine-solling.de\/index.php?rest_route=\/wp\/v2\/posts"}],"about":[{"href":"https:\/\/mav.leine-solling.de\/index.php?rest_route=\/wp\/v2\/types\/post"}],"author":[{"embeddable":true,"href":"https:\/\/mav.leine-solling.de\/index.php?rest_route=\/wp\/v2\/users\/1"}],"replies":[{"embeddable":true,"href":"https:\/\/mav.leine-solling.de\/index.php?rest_route=%2Fwp%2Fv2%2Fcomments&post=890"}],"version-history":[{"count":6,"href":"https:\/\/mav.leine-solling.de\/index.php?rest_route=\/wp\/v2\/posts\/890\/revisions"}],"predecessor-version":[{"id":915,"href":"https:\/\/mav.leine-solling.de\/index.php?rest_route=\/wp\/v2\/posts\/890\/revisions\/915"}],"wp:attachment":[{"href":"https:\/\/mav.leine-solling.de\/index.php?rest_route=%2Fwp%2Fv2%2Fmedia&parent=890"}],"wp:term":[{"taxonomy":"category","embeddable":true,"href":"https:\/\/mav.leine-solling.de\/index.php?rest_route=%2Fwp%2Fv2%2Fcategories&post=890"},{"taxonomy":"post_tag","embeddable":true,"href":"https:\/\/mav.leine-solling.de\/index.php?rest_route=%2Fwp%2Fv2%2Ftags&post=890"}],"curies":[{"name":"wp","href":"https:\/\/api.w.org\/{rel}","templated":true}]}}