{"id":840,"date":"2010-11-08T10:03:47","date_gmt":"2010-11-08T08:03:47","guid":{"rendered":"http:\/\/mav.leine-solling.de\/?p=840"},"modified":"2010-11-08T10:03:47","modified_gmt":"2010-11-08T08:03:47","slug":"keine-einigung-bei-neubesetzung-der-adk","status":"publish","type":"post","link":"https:\/\/mav.leine-solling.de\/?p=840","title":{"rendered":"Keine Einigung bei Neubesetzung der ADK"},"content":{"rendered":"<p>Bei der Neubesetzung der Arbeitnehmerseite in der <abbr class='c2c-text-hover' title='Arbeits- und Dienstrechtliche Kommission'>ADK<\/abbr> konnte keine Einigung erzielt werden.\u00a0Jetzt muss der Schiedsstellendirektor entscheiden.<\/p>\n<p>Mit Schreiben vom 03. November hat die Gesch\u00e4ftsstelle der Konf\u00f6deration evangelischer Kirchen in Niedersachsen dem Direktor der Schiedsstelle mitgeteilt, dass sich die Arbeitnehmerorganisationen bis zum Ende der Amtszeit (31.10.2010) weder auf das Zahlenverh\u00e4ltnis der Arbeitnehmervertreter\u00a0in der <abbr class='c2c-text-hover' title='Arbeits- und Dienstrechtliche Kommission'>ADK<\/abbr>\u00a0noch auf einen gemeinsamen Schlichter geeinigt h\u00e4tten. Jetzt entscheidet der Schiedsstellendirektor Bender, Richter am Landessozialgericht in Celle nach Anh\u00f6rung der beruflichen Vereinigungen \u00fcber das Zahlenverh\u00e4ltnis, das den beruflichen Vereinigungen in der <abbr class='c2c-text-hover' title='Arbeits- und Dienstrechtliche Kommission'>ADK<\/abbr> zusteht. Es geht um die Verteilung der neun Arbeitnehmersitze und auch um die Frage, welche Organisationen sich tats\u00e4chlich weiterbeteiligen wollen.<\/p>\n<p>Quelle: www.<abbr class='c2c-text-hover' title='Mitarbeitervertretungsverband'>mvv<\/abbr>-k.de<\/p>\n","protected":false},"excerpt":{"rendered":"<p>Bei der Neubesetzung der Arbeitnehmerseite in der <abbr class='c2c-text-hover' title='Arbeits- und Dienstrechtliche Kommission'>ADK<\/abbr> konnte keine Einigung erzielt werden.\u00a0Jetzt muss der Schiedsstellendirektor entscheiden. Mit Schreiben vom 03. November hat die Gesch\u00e4ftsstelle der Konf\u00f6deration evangelischer Kirchen in Niedersachsen dem Direktor der Schiedsstelle mitgeteilt, dass sich die Arbeitnehmerorganisationen bis zum Ende der Amtszeit (31.10.2010) weder auf das Zahlenverh\u00e4ltnis der Arbeitnehmervertreter\u00a0in der <abbr class='c2c-text-hover' title='Arbeits- und Dienstrechtliche Kommission'>ADK<\/abbr>\u00a0noch auf [&hellip;]<\/p>\n","protected":false},"author":1,"featured_media":0,"comment_status":"closed","ping_status":"closed","sticky":false,"template":"","format":"standard","meta":{"footnotes":""},"categories":[1],"tags":[],"class_list":["post-840","post","type-post","status-publish","format-standard","hentry","category-informationen"],"_links":{"self":[{"href":"https:\/\/mav.leine-solling.de\/index.php?rest_route=\/wp\/v2\/posts\/840","targetHints":{"allow":["GET"]}}],"collection":[{"href":"https:\/\/mav.leine-solling.de\/index.php?rest_route=\/wp\/v2\/posts"}],"about":[{"href":"https:\/\/mav.leine-solling.de\/index.php?rest_route=\/wp\/v2\/types\/post"}],"author":[{"embeddable":true,"href":"https:\/\/mav.leine-solling.de\/index.php?rest_route=\/wp\/v2\/users\/1"}],"replies":[{"embeddable":true,"href":"https:\/\/mav.leine-solling.de\/index.php?rest_route=%2Fwp%2Fv2%2Fcomments&post=840"}],"version-history":[{"count":1,"href":"https:\/\/mav.leine-solling.de\/index.php?rest_route=\/wp\/v2\/posts\/840\/revisions"}],"predecessor-version":[{"id":841,"href":"https:\/\/mav.leine-solling.de\/index.php?rest_route=\/wp\/v2\/posts\/840\/revisions\/841"}],"wp:attachment":[{"href":"https:\/\/mav.leine-solling.de\/index.php?rest_route=%2Fwp%2Fv2%2Fmedia&parent=840"}],"wp:term":[{"taxonomy":"category","embeddable":true,"href":"https:\/\/mav.leine-solling.de\/index.php?rest_route=%2Fwp%2Fv2%2Fcategories&post=840"},{"taxonomy":"post_tag","embeddable":true,"href":"https:\/\/mav.leine-solling.de\/index.php?rest_route=%2Fwp%2Fv2%2Ftags&post=840"}],"curies":[{"name":"wp","href":"https:\/\/api.w.org\/{rel}","templated":true}]}}