{"id":786,"date":"2010-09-24T10:12:18","date_gmt":"2010-09-24T08:12:18","guid":{"rendered":"http:\/\/mav.leine-solling.de\/?p=786"},"modified":"2022-01-17T11:13:11","modified_gmt":"2022-01-17T10:13:11","slug":"betriebliches-eingliederungsmanagement","status":"publish","type":"post","link":"https:\/\/mav.leine-solling.de\/?p=786","title":{"rendered":"Betriebliches Eingliederungsmanagement"},"content":{"rendered":"<p>Seit 2004 sind Arbeitgeber nach dem Sozialgesetzbuch (<abbr class='c2c-text-hover' title='Sozialgesetzbuch'>SGB<\/abbr> IX \u00a7 84 Abs. 2) verpflichtet, allen Besch\u00e4ftigten, die in den letzten 12 Monaten l\u00e4nger als 6 Wochen erkrankt sind, ein Betriebliches Eingliederungsmanagement (kurz <abbr class='c2c-text-hover' title='Betriebliches Eingliederungsmanagement'>BEM<\/abbr>) anzubieten. Diese Vorschrift wird im kirchlichen Bereich bisher allerdings sehr selten umgesetzt.<\/p>\n<p>Da es beim Betrieblichen Eingliederungsmanagement darum geht, gemeinsam mit dem betroffenen Mitarbeiter herauszufinden, welche betrieblichen M\u00f6glichkeiten es gibt, die Arbeitsf\u00e4higkeit des betroffenen Besch\u00e4ftigten wiederherzustellen und dauerhaft zu erhalten, haben Landeskirche, Gesamtausschuss und auch wir als <abbr class='c2c-text-hover' title='Mitarbeitervertretung'>MAV<\/abbr> f\u00fcr den Kirchenkreis Leine-Solling ein gro\u00dfes Interesse, diese Gesetzesvorschrift auf f\u00fcr unseren Kirchenkreis durchzusetzen.<\/p>\n<p>Erste diesbez\u00fcgliche Gespr\u00e4che zwischen Arbeitgebern und <abbr class='c2c-text-hover' title='Mitarbeitervertretung'>MAV<\/abbr> Leine-Solling haben bereits stattgefunden.<\/p>\n<p>Die <abbr class='c2c-text-hover' title='Mitarbeitervertretung'>MAV<\/abbr> Leine-Solling wird sich auf einer Sitzung der Sprengelarbeitsgemeinschaft eingehend mit der Thematik befassen.<\/p>\n<p>\u00dcber den weiteren Verlauf der Verhandlungen werden wir an dieser Stelle berichten.<\/p>\n","protected":false},"excerpt":{"rendered":"<p>Seit 2004 sind Arbeitgeber nach dem Sozialgesetzbuch (<abbr class='c2c-text-hover' title='Sozialgesetzbuch'>SGB<\/abbr> IX \u00a7 84 Abs. 2) verpflichtet, allen Besch\u00e4ftigten, die in den letzten 12 Monaten l\u00e4nger als 6 Wochen erkrankt sind, ein Betriebliches Eingliederungsmanagement (kurz <abbr class='c2c-text-hover' title='Betriebliches Eingliederungsmanagement'>BEM<\/abbr>) anzubieten. Diese Vorschrift wird im kirchlichen Bereich bisher allerdings sehr selten umgesetzt. Da es beim Betrieblichen Eingliederungsmanagement darum geht, gemeinsam mit dem [&hellip;]<\/p>\n","protected":false},"author":1,"featured_media":0,"comment_status":"closed","ping_status":"closed","sticky":false,"template":"","format":"standard","meta":{"footnotes":""},"categories":[1,119,3,4],"tags":[116,117],"class_list":["post-786","post","type-post","status-publish","format-standard","hentry","category-informationen","category-bem","category-dokumente","category-gesetze","tag-bem","tag-betriebliches-eingliederungsmanagement"],"_links":{"self":[{"href":"https:\/\/mav.leine-solling.de\/index.php?rest_route=\/wp\/v2\/posts\/786","targetHints":{"allow":["GET"]}}],"collection":[{"href":"https:\/\/mav.leine-solling.de\/index.php?rest_route=\/wp\/v2\/posts"}],"about":[{"href":"https:\/\/mav.leine-solling.de\/index.php?rest_route=\/wp\/v2\/types\/post"}],"author":[{"embeddable":true,"href":"https:\/\/mav.leine-solling.de\/index.php?rest_route=\/wp\/v2\/users\/1"}],"replies":[{"embeddable":true,"href":"https:\/\/mav.leine-solling.de\/index.php?rest_route=%2Fwp%2Fv2%2Fcomments&post=786"}],"version-history":[{"count":2,"href":"https:\/\/mav.leine-solling.de\/index.php?rest_route=\/wp\/v2\/posts\/786\/revisions"}],"predecessor-version":[{"id":4229,"href":"https:\/\/mav.leine-solling.de\/index.php?rest_route=\/wp\/v2\/posts\/786\/revisions\/4229"}],"wp:attachment":[{"href":"https:\/\/mav.leine-solling.de\/index.php?rest_route=%2Fwp%2Fv2%2Fmedia&parent=786"}],"wp:term":[{"taxonomy":"category","embeddable":true,"href":"https:\/\/mav.leine-solling.de\/index.php?rest_route=%2Fwp%2Fv2%2Fcategories&post=786"},{"taxonomy":"post_tag","embeddable":true,"href":"https:\/\/mav.leine-solling.de\/index.php?rest_route=%2Fwp%2Fv2%2Ftags&post=786"}],"curies":[{"name":"wp","href":"https:\/\/api.w.org\/{rel}","templated":true}]}}