{"id":700,"date":"2010-09-01T10:45:57","date_gmt":"2010-09-01T09:45:57","guid":{"rendered":"http:\/\/mav.leine-solling.de\/?p=700"},"modified":"2010-09-10T10:16:39","modified_gmt":"2010-09-10T08:16:39","slug":"mitarbeiterversammlung-leine-solling-2010-schon-wars","status":"publish","type":"post","link":"https:\/\/mav.leine-solling.de\/?p=700","title":{"rendered":"Mitarbeiterversammlung Leine-Solling 2010: Sch\u00f6n war&#8217;s!"},"content":{"rendered":"<p>Dank der Regenpause am 24.08.2010 konnten die Mitarbeitenden des Kirchenkreises Leine-Solling eine entspannte Mitarbeiterversammlung gro\u00dfen Teils im Freien und im Windschatten der Klosterkapelle in Wiebrechtshausen feiern.<\/p>\n<div id=\"attachment_702\" style=\"width: 310px\" class=\"wp-caption aligncenter\"><a href=\"https:\/\/mav.leine-solling.de\/wp-content\/uploads\/2010\/09\/MAVers-27.jpg\"><img loading=\"lazy\" decoding=\"async\" aria-describedby=\"caption-attachment-702\" class=\"size-medium wp-image-702\" title=\"MAVers-27\" src=\"https:\/\/mav.leine-solling.de\/wp-content\/uploads\/2010\/09\/MAVers-27-300x192.jpg\" alt=\"\" width=\"300\" height=\"192\" srcset=\"https:\/\/mav.leine-solling.de\/wp-content\/uploads\/2010\/09\/MAVers-27-300x192.jpg 300w, https:\/\/mav.leine-solling.de\/wp-content\/uploads\/2010\/09\/MAVers-27-1024x658.jpg 1024w\" sizes=\"auto, (max-width: 300px) 100vw, 300px\" \/><\/a><p id=\"caption-attachment-702\" class=\"wp-caption-text\">Foto: Marcus Manig<\/p><\/div>\n<p><!--more-->P\u00fcnktlich wie immer er\u00f6ffnete G\u00fcnter St\u00f6fer die Versammlung um 18:00 Uhr. Statt im Rechenschaftsbericht mit dr\u00f6gen Zahlen zu langweilen erinnerte G\u00fcnter an wesentliche Themen des letzten Jahres: <a title=\"Artikel Fahrtkostenabrechnung\" href=\"https:\/\/mav.leine-solling.de\/?p=662\" target=\"_blank\">Fahrtkostenabrechnung<\/a>, Vorlage eines erweiterten <a title=\"Artikel Erweitertes F\u00fchrungszeugnis\" href=\"https:\/\/mav.leine-solling.de\/?p=656\" target=\"_blank\">F\u00fchrungszeugnisses <\/a>f\u00fcr Mitarbeitende im\u00a0 kinder- und jugendnahen Bereich, <a title=\"Artikel Eingruppierung Vertretungskr\u00e4fte\" href=\"https:\/\/mav.leine-solling.de\/?p=685\" target=\"_blank\">Eingruppierung<\/a> f\u00fcr kurzfristig Besch\u00e4ftigte, Annahme von <a title=\"Gesamtausschuss: Annahme von Belohnungen\" href=\"http:\/\/www.gamav.de\/archiv\/2010\/annahme_belohnungen_22022010.htm\" target=\"_blank\">Geschenken <\/a>und blickte voraus: <abbr class='c2c-text-hover' title='Betriebliches Eingliederungsmanagement'>BEM<\/abbr> &#8211; das betriebliche Eingliederungsmanagement. Zum Thema <abbr class='c2c-text-hover' title='Betriebliches Eingliederungsmanagement'>BEM<\/abbr> werden demn\u00e4chst die Gespr\u00e4che mit den Arbeitgebern anlaufen. Wir werden hier berichten!<\/p>\n<p>Von da an ging es um Stress: Die <abbr class='c2c-text-hover' title='Mitarbeitervertretung'>MAV<\/abbr> k\u00fcndigte ihr <strong>Aktionsjahr &#8222;Stress-Frei in der <abbr class='c2c-text-hover' title='Kindertagesst\u00e4tte'>KiTa<\/abbr>&#8222;<\/strong> an. Geplant ist, in verschiedenen Veranstaltungen nach Wegen zu suchen, die psychischen Belastungen f\u00fcr Mitarbeitende im Bereich der <abbr class='c2c-text-hover' title='Kindertagesst\u00e4tte'>KiTa<\/abbr>&#8217;s zu reduzieren und\/oder\u00a0 Wege aufzuzeigen, besser damit umgehen zu lernen. Rolf Behn gab eine kurze Einf\u00fchrung zum Thema &#8222;Stress am Arbeitsplatz&#8220;, die auf besonderen Wunsch <a title=\"Referat Stress am Arbeitsplatz\" href=\"https:\/\/mav.leine-solling.de\/wp-content\/uploads\/2010\/09\/Stressfrei-Referat.pdf\" target=\"_blank\">hier<\/a> noch mal nachzulesen ist.<\/p>\n<p>G\u00fcnter St\u00f6fer erl\u00e4uterte, dass im September eine gro\u00dfe Fragebogenaktion gestartet werden soll, in der alle Mitarbeitenden in den <abbr class='c2c-text-hover' title='Kindertagesst\u00e4tte'>KiTa<\/abbr>&#8217;s des Kirchenkreises Leine-Solling einen Fragebogen zum Thema &#8222;psychische Belastungen&#8220; erhalten sollen, mit der Bitte, diesen auszuf\u00fcllen und anonym an die Mitarbeitervertretung zur\u00fcckzusenden. Die Auswertung der Antworten soll zum einen die psychischen Belastungen deutlicher beschreibbar machen, zum anderen die Grundlage f\u00fcr die Veranstaltungen bilden, die dann in Jahr 2011 stattfinden sollen. Aktionsideen k\u00f6nnten sein:<\/p>\n<p>Aktionen direkt f\u00fcr Mitarbeitende<\/p>\n<ul>\n<li> Entspannungstraining\/Yoga in Zusammenarbeit mit Krankenkassen (<abbr class='c2c-text-hover' title='zum Beispiel'>z.B.<\/abbr> STRAIMY)<\/li>\n<\/ul>\n<ul>\n<li> Teilmitarbeiterversammlung mit Referenten zum psychischem Stress (\u00fcber <abbr class='c2c-text-hover' title='Evangelische Fachstelle f\u00fcr Arbeitssicherheit'>EFAS<\/abbr> bzw. Berufsgenossenschaft)<\/li>\n<\/ul>\n<ul>\n<li> Haltungssch\u00e4den vorbeugen mit Ergotherapeutin oder Physiotherapeut<\/li>\n<\/ul>\n<ul>\n<li> L\u00e4rm in der <abbr class='c2c-text-hover' title='Kindertagesst\u00e4tte'>Kita<\/abbr> \u2013 Entwicklung konkreter Konzepte <abbr class='c2c-text-hover' title='zum Beispiel'>z.B.<\/abbr> durch Architektin des <abbr class='c2c-text-hover' title='Kirchenkreis'>KK<\/abbr> oder Ideenwettbewerb in Zusammenarbeit mit Uni Kassel, Hannover oder Brauschweig<\/li>\n<\/ul>\n<ul>\n<li> <abbr class='c2c-text-hover' title='Kindertagesst\u00e4tte'>Kita<\/abbr> \u00dcbergreifender Qualit\u00e4tszirkel \u201eWie kann Belastung reduziert werden?\u201c<\/li>\n<\/ul>\n<p>Flankierende Ma\u00dfnahmen<\/p>\n<ul>\n<li> Gespr\u00e4che mit den Tr\u00e4gern um organisatorische und bauliche Ver\u00e4nderungen anzusto\u00dfen<\/li>\n<\/ul>\n<ul>\n<li> Gespr\u00e4che mit den Arbeitnehmerorganisationen in der <abbr class='c2c-text-hover' title='Arbeits- und Dienstrechtliche Kommission'>ADK<\/abbr> zum Thema<\/li>\n<\/ul>\n<ul>\n<li> Vorstellen des Projektes auf der Sprengel <abbr class='c2c-text-hover' title='Mitarbeitervertretung'>MAV<\/abbr> und im Gesamtausschuss<\/li>\n<\/ul>\n<ul>\n<li> Medien informieren, \u00d6ffentlichkeit herstellen, <abbr class='c2c-text-hover' title='zum Beispiel'>z.B.<\/abbr> LSP, Internetblog (onlinetagebuch)<br \/>\nAdresse: <a title=\"Online-Blog zum Aktionsjahr\" href=\"http:\/\/stress-frei-kita.blogspot.com\/\" target=\"_blank\">Stress-Frei-<abbr class='c2c-text-hover' title='Kindertagesst\u00e4tte'>Kita<\/abbr>.blogspot.com<\/a><\/li>\n<\/ul>\n<ul>\n<li> Informationen sammeln und zur Verf\u00fcgung stellen, <abbr class='c2c-text-hover' title='zum Beispiel'>z.B.<\/abbr> \u00fcber Projekte in denen bereits am Problem gearbeitet wird <abbr class='c2c-text-hover' title='zum Beispiel'>z.B.<\/abbr> Leipzig, Zentrum f\u00fcr Bildungsgesundheit<\/li>\n<\/ul>\n<p>Im Anschluss an den Rechenschaftsbericht und die Ank\u00fcndigung des Aktionsjahres feierten Diakon Jan M\u00f6nnich und Superintendent Heinz Behrends eine feierlich Andacht zum Thema &#8222;Ihr seid ein Segen&#8220; . Nachdem viele Mitarbeitende von der Gelegenheit des Einzelsegens Gebrauch gemacht hatten, wurde die Versammlung in der Kapelle beendet und im Freien fortgesetzt.<\/p>\n<p>Bei Getr\u00e4nken und einer lobenswert guten Pizza (hergestellt von Jan M\u00f6nnich und Alex Hentschel) fanden viele gute Gespr\u00e4che im Windschatten der Kapelle statt. Superintendent\u00a0 Behrends sorgte im weiteren Verlauf nicht nur f\u00fcr die geistige Nahrung, sondern\u00a0 h\u00f6chst engagiert auch f\u00fcr das\u00a0 leibliche Wohl der Mitarbeitenden:<\/p>\n<div id=\"attachment_724\" style=\"width: 210px\" class=\"wp-caption aligncenter\"><a href=\"https:\/\/mav.leine-solling.de\/wp-content\/uploads\/2010\/09\/MAVers-12-gr\u00f6\u00dfenreduziert2.jpg\"><img loading=\"lazy\" decoding=\"async\" aria-describedby=\"caption-attachment-724\" class=\"size-medium wp-image-724\" title=\"MAVers-12 gr\u00f6\u00dfenreduziert\" src=\"https:\/\/mav.leine-solling.de\/wp-content\/uploads\/2010\/09\/MAVers-12-gr\u00f6\u00dfenreduziert2-200x300.jpg\" alt=\"\" width=\"200\" height=\"300\" srcset=\"https:\/\/mav.leine-solling.de\/wp-content\/uploads\/2010\/09\/MAVers-12-gr\u00f6\u00dfenreduziert2-200x300.jpg 200w, https:\/\/mav.leine-solling.de\/wp-content\/uploads\/2010\/09\/MAVers-12-gr\u00f6\u00dfenreduziert2.jpg 570w\" sizes=\"auto, (max-width: 200px) 100vw, 200px\" \/><\/a><p id=\"caption-attachment-724\" class=\"wp-caption-text\">Der Superintendent sorgt f\u00fcr das geistige und k\u00f6rperliche Wohl der Mitarbeitenden ! Foto M.Manig<\/p><\/div>\n<p>Mit Unterst\u00fctzung von G\u00fcnter St\u00f6fer und Jan M\u00f6nich verteilte er 6 Riesenbleche Pizza aus dem Pizza-Mobil des <abbr class='c2c-text-hover' title='Kreisjugenddienst'>KJD<\/abbr>.\u00a0 Die Leistung der &#8222;Kochgruppe&#8220; wurde allseits gew\u00fcrdigt und sorgte f\u00fcr einen wohligen Abschluss der Versammlung<\/p>\n<p>Die <abbr class='c2c-text-hover' title='Mitarbeitervertretung'>MAV<\/abbr> bedankt sich bei Jan M\u00f6nnich und Alex Hentschel f\u00fcr die tatkr\u00e4ftige Unterst\u00fctzung bei der Pizzaproduktion, bei Marcus Manig f\u00fcr die Fotos.<\/p>\n<p>[nggallery id=1]<\/p>\n","protected":false},"excerpt":{"rendered":"<p>Dank der Regenpause am 24.08.2010 konnten die Mitarbeitenden des Kirchenkreises Leine-Solling eine entspannte Mitarbeiterversammlung gro\u00dfen Teils im Freien und im Windschatten der Klosterkapelle in Wiebrechtshausen feiern.<\/p>\n","protected":false},"author":1,"featured_media":0,"comment_status":"closed","ping_status":"closed","sticky":false,"template":"","format":"standard","meta":{"footnotes":""},"categories":[1],"tags":[22,27,25],"class_list":["post-700","post","type-post","status-publish","format-standard","hentry","category-informationen","tag-mitarbeiterversammlung","tag-stress","tag-superintendent"],"_links":{"self":[{"href":"https:\/\/mav.leine-solling.de\/index.php?rest_route=\/wp\/v2\/posts\/700","targetHints":{"allow":["GET"]}}],"collection":[{"href":"https:\/\/mav.leine-solling.de\/index.php?rest_route=\/wp\/v2\/posts"}],"about":[{"href":"https:\/\/mav.leine-solling.de\/index.php?rest_route=\/wp\/v2\/types\/post"}],"author":[{"embeddable":true,"href":"https:\/\/mav.leine-solling.de\/index.php?rest_route=\/wp\/v2\/users\/1"}],"replies":[{"embeddable":true,"href":"https:\/\/mav.leine-solling.de\/index.php?rest_route=%2Fwp%2Fv2%2Fcomments&post=700"}],"version-history":[{"count":14,"href":"https:\/\/mav.leine-solling.de\/index.php?rest_route=\/wp\/v2\/posts\/700\/revisions"}],"predecessor-version":[{"id":727,"href":"https:\/\/mav.leine-solling.de\/index.php?rest_route=\/wp\/v2\/posts\/700\/revisions\/727"}],"wp:attachment":[{"href":"https:\/\/mav.leine-solling.de\/index.php?rest_route=%2Fwp%2Fv2%2Fmedia&parent=700"}],"wp:term":[{"taxonomy":"category","embeddable":true,"href":"https:\/\/mav.leine-solling.de\/index.php?rest_route=%2Fwp%2Fv2%2Fcategories&post=700"},{"taxonomy":"post_tag","embeddable":true,"href":"https:\/\/mav.leine-solling.de\/index.php?rest_route=%2Fwp%2Fv2%2Ftags&post=700"}],"curies":[{"name":"wp","href":"https:\/\/api.w.org\/{rel}","templated":true}]}}