{"id":637,"date":"2010-03-05T10:40:00","date_gmt":"2010-03-05T09:40:00","guid":{"rendered":"http:\/\/mav.leine-solling.de\/neu\/?p=637"},"modified":"2010-03-05T10:42:02","modified_gmt":"2010-03-05T09:42:02","slug":"doch-kein-streikrecht-im-kirchlichen-bereich","status":"publish","type":"post","link":"https:\/\/mav.leine-solling.de\/?p=637","title":{"rendered":"Doch kein Streikrecht im kirchlichen Bereich?"},"content":{"rendered":"<p>Mit der Entscheidung des Arbeitsgerichts Bielefeld hat der lange Weg zur gerichtlichen Kl\u00e4rung des Streikrechts f\u00fcr kirchlich Besch\u00e4ftigte begonnen. ver.di hat dazu die folgende Presseerkl\u00e4rung ver\u00f6ffentlicht:<!--more--><\/p>\n<h3>&#8222;ver.di bedauert Entscheidung des Arbeitsgerichts Bielefeld<\/h3>\n<p>03.03.2010<\/p>\n<p><strong>Die Vereinte Dienstleistungsgewerkschaft (ver.di) bedauert die Entscheidung des Arbeitsgerichts Bielefeld zur Rechtm\u00e4\u00dfigkeit von Streiks in kirchlichen Einrichtungen: \u201eWir h\u00e4tten uns in der ersten Instanz ein anderes Urteil gew\u00fcnscht. Aber endg\u00fcltig entschieden ist nichts. Die weiteren Instanzen stehen erst noch bevor\u201c, sagte ver.di-Bundesvorstandsmitglied Ellen Paschke. ver.di werde gegen das Urteil Berufung einlegen.<\/strong><\/p>\n<p>Es sei bedauerlich, dass das Arbeitsgericht Bielefeld den Sonderstatus der Kirchen h\u00f6her bewerte als die grundgesetzlich gesch\u00fctzten Rechte der Besch\u00e4ftigten in kirchlichen Einrichtungen. \u201eWir bleiben dabei: Streikrecht ist ein Grundrecht\u201c, bekr\u00e4ftigte Paschke. Gegebenenfalls m\u00fcsse am Ende des Instanzenwegs das Bundesverfassungsgericht \u00fcber diese Frage entscheiden. Sie sei zuversichtlich, dass das h\u00f6chste deutsche Gericht den Sonderstatus der Kirchen letztlich nicht so weitreichend auslege, dass Streiks verboten w\u00e4ren.<\/p>\n<p>Zuvor hatte das Arbeitsgericht Bielefeld in erster Instanz entschieden, dass ver.di nicht zu Streiks in diakonischen Einrichtungen aufrufen darf, um gerechte Arbeits- und Lohnbedingungen zu erreichen. Anlass f\u00fcr die juristische Auseinandersetzung waren von ver.di organisierte Arbeitsniederlegungen im Mai und September 2009. Diese hatten die Arbeitgeber beim Diakonischen Werk der Evangelischen Kirche in Deutschland (EKD) so unter Druck gesetzt, dass sie schlie\u00dflich mit der arbeitsrechtlichen Kommission h\u00f6here L\u00f6hne vereinbarten. Gleichzeitig gingen die diakonischen Arbeitgeber unter Berufung auf kirchliche Sonderrechte juristisch gegen ver.di vor.<\/p>\n<p>Herausgeber: V.i.S.d.P.: Cornelia Ha\u00df; ver.di-Bundesvorstand&#8220;<\/p>\n<p>ver.di hat auch ein Flugblatt verfasst <a href=\"https:\/\/mav.leine-solling.de\/neu\/wp-content\/uploads\/2010\/03\/2010-03_Diakonie_Streik_in_zwei_Landeskirchen_verboten.pdf\">(das Flugblatt gibt es hier)<\/a>.\u00a0 Darin \u00e4u\u00dfert sich J\u00fcrgen K\u00fchling, ehemaliger Richter am Verfassungsgericht:<\/p>\n<p>\u00bbDas erstinstanzliche Urteil \u00fcberrascht mich nicht.<br \/>\nEs ist aber noch alles offen. Alle gehen davon aus, dass das Verfahren<br \/>\nbis zum Bundesverfassungsgericht geht, und ich kann mir nicht<br \/>\nvorstellen, dass das Bundesverfassungsgericht Arbeitsniederlegungen<br \/>\nim Kirchenbereich einfach verbietet. Das Bundesverfassungsgericht<br \/>\nhat die beiden Grundrechte der Koalitionsfreiheit und der<br \/>\nKirchenautonomie im Bereich der Religionsaus\u00fcbung abgewogen<br \/>\naufeinander zu beziehen; es hatte noch nie einen vergleichbaren<br \/>\nFall. Ich denke, Arbeitnehmer bei den Kirchen k\u00f6nnen optimistisch<br \/>\nsein, was das Streikrecht betrifft.\u00ab<\/p>\n<p>Wir hoffen, dass er Recht beh\u00e4lt.<\/p>\n","protected":false},"excerpt":{"rendered":"<p>Mit der Entscheidung des Arbeitsgerichts Bielefeld hat der lange Weg zur gerichtlichen Kl\u00e4rung des Streikrechts f\u00fcr kirchlich Besch\u00e4ftigte begonnen. ver.di hat dazu die folgende Presseerkl\u00e4rung ver\u00f6ffentlicht:<\/p>\n","protected":false},"author":1,"featured_media":0,"comment_status":"open","ping_status":"closed","sticky":false,"template":"","format":"standard","meta":{"footnotes":""},"categories":[1],"tags":[],"class_list":["post-637","post","type-post","status-publish","format-standard","hentry","category-informationen"],"_links":{"self":[{"href":"https:\/\/mav.leine-solling.de\/index.php?rest_route=\/wp\/v2\/posts\/637","targetHints":{"allow":["GET"]}}],"collection":[{"href":"https:\/\/mav.leine-solling.de\/index.php?rest_route=\/wp\/v2\/posts"}],"about":[{"href":"https:\/\/mav.leine-solling.de\/index.php?rest_route=\/wp\/v2\/types\/post"}],"author":[{"embeddable":true,"href":"https:\/\/mav.leine-solling.de\/index.php?rest_route=\/wp\/v2\/users\/1"}],"replies":[{"embeddable":true,"href":"https:\/\/mav.leine-solling.de\/index.php?rest_route=%2Fwp%2Fv2%2Fcomments&post=637"}],"version-history":[{"count":3,"href":"https:\/\/mav.leine-solling.de\/index.php?rest_route=\/wp\/v2\/posts\/637\/revisions"}],"predecessor-version":[{"id":640,"href":"https:\/\/mav.leine-solling.de\/index.php?rest_route=\/wp\/v2\/posts\/637\/revisions\/640"}],"wp:attachment":[{"href":"https:\/\/mav.leine-solling.de\/index.php?rest_route=%2Fwp%2Fv2%2Fmedia&parent=637"}],"wp:term":[{"taxonomy":"category","embeddable":true,"href":"https:\/\/mav.leine-solling.de\/index.php?rest_route=%2Fwp%2Fv2%2Fcategories&post=637"},{"taxonomy":"post_tag","embeddable":true,"href":"https:\/\/mav.leine-solling.de\/index.php?rest_route=%2Fwp%2Fv2%2Ftags&post=637"}],"curies":[{"name":"wp","href":"https:\/\/api.w.org\/{rel}","templated":true}]}}