{"id":608,"date":"2010-02-02T11:28:14","date_gmt":"2010-02-02T10:28:14","guid":{"rendered":"http:\/\/mav.leine-solling.de\/neu\/?p=608"},"modified":"2010-09-01T10:37:48","modified_gmt":"2010-09-01T09:37:48","slug":"die-mav-gottingen-berichtet-steigt-ver-di-aus-der-adk-aus","status":"publish","type":"post","link":"https:\/\/mav.leine-solling.de\/?p=608","title":{"rendered":"Die MAV G\u00f6ttingen berichtet: Steigt ver.di aus der ADK aus?!"},"content":{"rendered":"<p><span style=\"font-family: Arial;\"><strong><\/strong>Annette Klausing Gewerkschaftssekret\u00e4rin f\u00fcr unseren Fachbereich berichtet: Die Arbeit in den <abbr class='c2c-text-hover' title='Arbeits- und Dienstrechtliche Kommission'>ADK<\/abbr>&#8218;en wird immer schwieriger, weil die Konflikte zunehmen und das System der Kommissionen nicht f\u00fcr diese Konflikte ger\u00fcstet ist (Beispiele siehe Erkl\u00e4rung). F\u00fcr die ver.di <abbr class='c2c-text-hover' title='Arbeits- und Dienstrechtliche Kommission'>ADK<\/abbr> Mitglieder in der Konf\u00f6deration bedeutet dies, dass ver.di mit seinen Mitgliedern nach Wegen f\u00fcr einen wirksamen und erfolgreichen Interessenausgleich der abh\u00e4ngig Besch\u00e4ftigten suchen muss. Die Diskussion dar\u00fcber kann ab sofort beginnen \u2013 es sollen M\u00f6glichkeiten des Austausches geschaffen werden.<\/p>\n<p><\/span><\/p>\n<p><a href=\"http:\/\/www.mav-goettingen.de\/Berichte\/Goettinger-Erklaerung-Okt-2009.pdf\" target=\"blank\">Bericht der &#8222;G\u00f6ttinger Erkl\u00e4rung&#8220;<\/a><\/p>\n<p>(Diesen Beitrag haben wir von der Internet-Seite der <abbr class='c2c-text-hover' title='Mitarbeitervertretung'>MAV<\/abbr> G\u00f6ttingen \u00fcbernommen)<\/p>\n","protected":false},"excerpt":{"rendered":"<p>Annette Klausing Gewerkschaftssekret\u00e4rin f\u00fcr unseren Fachbereich berichtet: Die Arbeit in den <abbr class='c2c-text-hover' title='Arbeits- und Dienstrechtliche Kommission'>ADK<\/abbr>&#8218;en wird immer schwieriger, weil die Konflikte zunehmen und das System der Kommissionen nicht f\u00fcr diese Konflikte ger\u00fcstet ist (Beispiele siehe Erkl\u00e4rung). F\u00fcr die ver.di <abbr class='c2c-text-hover' title='Arbeits- und Dienstrechtliche Kommission'>ADK<\/abbr> Mitglieder in der Konf\u00f6deration bedeutet dies, dass ver.di mit seinen Mitgliedern nach Wegen f\u00fcr einen wirksamen und erfolgreichen [&hellip;]<\/p>\n","protected":false},"author":1,"featured_media":0,"comment_status":"open","ping_status":"closed","sticky":false,"template":"","format":"standard","meta":{"footnotes":""},"categories":[1],"tags":[19,18],"class_list":["post-608","post","type-post","status-publish","format-standard","hentry","category-informationen","tag-adk","tag-ver-di"],"_links":{"self":[{"href":"https:\/\/mav.leine-solling.de\/index.php?rest_route=\/wp\/v2\/posts\/608","targetHints":{"allow":["GET"]}}],"collection":[{"href":"https:\/\/mav.leine-solling.de\/index.php?rest_route=\/wp\/v2\/posts"}],"about":[{"href":"https:\/\/mav.leine-solling.de\/index.php?rest_route=\/wp\/v2\/types\/post"}],"author":[{"embeddable":true,"href":"https:\/\/mav.leine-solling.de\/index.php?rest_route=\/wp\/v2\/users\/1"}],"replies":[{"embeddable":true,"href":"https:\/\/mav.leine-solling.de\/index.php?rest_route=%2Fwp%2Fv2%2Fcomments&post=608"}],"version-history":[{"count":3,"href":"https:\/\/mav.leine-solling.de\/index.php?rest_route=\/wp\/v2\/posts\/608\/revisions"}],"predecessor-version":[{"id":610,"href":"https:\/\/mav.leine-solling.de\/index.php?rest_route=\/wp\/v2\/posts\/608\/revisions\/610"}],"wp:attachment":[{"href":"https:\/\/mav.leine-solling.de\/index.php?rest_route=%2Fwp%2Fv2%2Fmedia&parent=608"}],"wp:term":[{"taxonomy":"category","embeddable":true,"href":"https:\/\/mav.leine-solling.de\/index.php?rest_route=%2Fwp%2Fv2%2Fcategories&post=608"},{"taxonomy":"post_tag","embeddable":true,"href":"https:\/\/mav.leine-solling.de\/index.php?rest_route=%2Fwp%2Fv2%2Ftags&post=608"}],"curies":[{"name":"wp","href":"https:\/\/api.w.org\/{rel}","templated":true}]}}