{"id":5342,"date":"2026-06-22T10:04:43","date_gmt":"2026-06-22T09:04:43","guid":{"rendered":"https:\/\/mav.leine-solling.de\/?p=5342"},"modified":"2026-06-22T10:04:43","modified_gmt":"2026-06-22T09:04:43","slug":"uebernahme-des-tarifergebnisses-tv-l-verzoegert-sich-weiter","status":"publish","type":"post","link":"https:\/\/mav.leine-solling.de\/?p=5342","title":{"rendered":"\u00dcbernahme des Tarifergebnisses (TV-L) verz\u00f6gert sich weiter!"},"content":{"rendered":"<p><strong><span style=\"color: #ff0000;\">Achtung! <\/span><\/strong><\/p>\n<p><strong><span style=\"color: #ff0000;\">Diese Nachricht betrifft nur die Mitarbeitenden im Bereich des <abbr class='c2c-text-hover' title='Tarifvertrag der L\u00e4nder'>TV-L<\/abbr>. <\/span><\/strong><\/p>\n<p><strong><span style=\"color: #ff0000;\">Nicht f\u00fcr Mitarbeitende im Sozial- und Erziehungsdienst!<\/span><\/strong><\/p>\n<p>&nbsp;<\/p>\n<p style=\"font-weight: 400;\">Liebe Kolleginnen, liebe Kollegen,<\/p>\n<p style=\"font-weight: 400;\">das Landeskirchenamt hatte in einer Infomail vom 21.04.2026 bereits mitgeteilt, dass die von den Tarifvertragsparteien am 14.02.2026 f\u00fcr den \u00f6ffentlichen Dienst der L\u00e4nder beschlossenen linearen Entgelterh\u00f6hungen ab dem 01.04.2026 bzw. 01.03.2027 und 01.01.2028 f\u00fcr die kirchlichen Mitarbeitenden, deren Dienstverh\u00e4ltnisse unter den Geltungsbereich des Tarifvertrages der L\u00e4nder (<abbr class='c2c-text-hover' title='Tarifvertrag der L\u00e4nder'>TV-L<\/abbr>) fallen, \u00fcbernommen werden.<\/p>\n<p style=\"font-weight: 400;\">Ende letzter Woche teilte das Landeskirchenamt hierzu mit, dass die \u00dcbernahme der linearen Entgelterh\u00f6hungen bisher noch nicht von der Arbeits- und Dienstrechtlichen Kommission (<abbr class='c2c-text-hover' title='Arbeits- und Dienstrechtliche Kommission'>ADK<\/abbr>) beschlossen werden konnte, denn die <abbr class='c2c-text-hover' title='Arbeits- und Dienstrechtliche Kommission'>ADK<\/abbr> ben\u00f6tigt als Beschlussgrundlage den genauen Wortlaut der entsprechenden \u00c4nderungstarifvertr\u00e4ge. Leider sind bisher die Redaktionsverhandlungen zu den \u00c4nderungstarifvertr\u00e4gen der Tarifvertragsparteien, den Gewerkschaften und der Tarifgemeinschaft deutscher L\u00e4nder, noch immer nicht abgeschlossen. Der <abbr class='c2c-text-hover' title='Arbeits- und Dienstrechtliche Kommission'>ADK<\/abbr> liegen aus diesem Grund die \u00c4nderungstarifvertr\u00e4ge im Wortlaut noch nicht vor.<\/p>\n<p style=\"font-weight: 400;\">Das Land Niedersachsen hat im Vorgriff auf die noch abzuschlie\u00dfenden \u00c4nderungstarifvertr\u00e4ge ab April 2026 auf der Basis der Tarifeinigung vom 14.02.2026 die Auszahlung der erh\u00f6hten Entgelte im Zahlungsmonat Mai 2026 umgesetzt. Das Landeskirchenamt wird eine Auszahlung der erh\u00f6hten Entgelte im\u00a0<strong>Vorgriff<\/strong>\u00a0auf einen entsprechenden Beschluss der <abbr class='c2c-text-hover' title='Arbeits- und Dienstrechtliche Kommission'>ADK<\/abbr>\u00a0<strong><u>nicht<\/u>\u00a0<\/strong>veranlassen.<\/p>\n<p style=\"font-weight: 400;\">Begr\u00fcndet wird dies damit, dass es in der Vergangenheit zu Unstimmigkeiten zwischen der Arbeitnehmerbank und den Arbeitgebervertretern in der <abbr class='c2c-text-hover' title='Arbeits- und Dienstrechtliche Kommission'>ADK<\/abbr> im Zusammenhang mit einer vorgegriffenen Auszahlung gekommen ist.<\/p>\n<p style=\"font-weight: 400;\"><strong>Aber keine Bange. Es wird nicht zu Entgeltverlusten kommen, da die erh\u00f6hten Entgelte zu gegebener Zeit in voller H\u00f6he r\u00fcckwirkend ab dem 01.04.2026 ausgezahlt werden und die <abbr class='c2c-text-hover' title='Arbeits- und Dienstrechtliche Kommission'>ADK<\/abbr> schnellstm\u00f6glich in einer Sondersitzung den notwendigen Beschluss fassen wird, sobald die durchgeschriebene Fassung des Tarifabschlusses vorliegt und die Comramo AG dann unverz\u00fcglich mit der Auszahlung beauftragt wird.<\/strong><\/p>\n<p style=\"font-weight: 400;\">F\u00fcr R\u00fcckfragen stehen wir gerne zur Verf\u00fcgung.<\/p>\n<p>Viele Gr\u00fc\u00dfe aus dem <abbr class='c2c-text-hover' title='Mitarbeitervertretung'>MAV<\/abbr>-B\u00fcro<\/p>\n","protected":false},"excerpt":{"rendered":"<p>Achtung! Diese Nachricht betrifft nur die Mitarbeitenden im Bereich des <abbr class='c2c-text-hover' title='Tarifvertrag der L\u00e4nder'>TV-L<\/abbr>. Nicht f\u00fcr Mitarbeitende im Sozial- und Erziehungsdienst! &nbsp; Liebe Kolleginnen, liebe Kollegen, das Landeskirchenamt hatte in einer Infomail vom 21.04.2026 bereits mitgeteilt, dass die von den Tarifvertragsparteien am 14.02.2026 f\u00fcr den \u00f6ffentlichen Dienst der L\u00e4nder beschlossenen linearen Entgelterh\u00f6hungen ab dem 01.04.2026 bzw. 01.03.2027 und [&hellip;]<\/p>\n","protected":false},"author":1,"featured_media":0,"comment_status":"closed","ping_status":"closed","sticky":false,"template":"","format":"standard","meta":{"footnotes":""},"categories":[1],"tags":[],"class_list":["post-5342","post","type-post","status-publish","format-standard","hentry","category-informationen"],"_links":{"self":[{"href":"https:\/\/mav.leine-solling.de\/index.php?rest_route=\/wp\/v2\/posts\/5342","targetHints":{"allow":["GET"]}}],"collection":[{"href":"https:\/\/mav.leine-solling.de\/index.php?rest_route=\/wp\/v2\/posts"}],"about":[{"href":"https:\/\/mav.leine-solling.de\/index.php?rest_route=\/wp\/v2\/types\/post"}],"author":[{"embeddable":true,"href":"https:\/\/mav.leine-solling.de\/index.php?rest_route=\/wp\/v2\/users\/1"}],"replies":[{"embeddable":true,"href":"https:\/\/mav.leine-solling.de\/index.php?rest_route=%2Fwp%2Fv2%2Fcomments&post=5342"}],"version-history":[{"count":2,"href":"https:\/\/mav.leine-solling.de\/index.php?rest_route=\/wp\/v2\/posts\/5342\/revisions"}],"predecessor-version":[{"id":5344,"href":"https:\/\/mav.leine-solling.de\/index.php?rest_route=\/wp\/v2\/posts\/5342\/revisions\/5344"}],"wp:attachment":[{"href":"https:\/\/mav.leine-solling.de\/index.php?rest_route=%2Fwp%2Fv2%2Fmedia&parent=5342"}],"wp:term":[{"taxonomy":"category","embeddable":true,"href":"https:\/\/mav.leine-solling.de\/index.php?rest_route=%2Fwp%2Fv2%2Fcategories&post=5342"},{"taxonomy":"post_tag","embeddable":true,"href":"https:\/\/mav.leine-solling.de\/index.php?rest_route=%2Fwp%2Fv2%2Ftags&post=5342"}],"curies":[{"name":"wp","href":"https:\/\/api.w.org\/{rel}","templated":true}]}}