{"id":533,"date":"2009-09-03T12:14:02","date_gmt":"2009-09-03T11:14:02","guid":{"rendered":"http:\/\/mav.leine-solling.de\/neu\/?p=533"},"modified":"2009-09-03T12:22:03","modified_gmt":"2009-09-03T11:22:03","slug":"noch-unklar-tarifubernahme-bei-individuellen-zwischen-und-endstufen","status":"publish","type":"post","link":"https:\/\/mav.leine-solling.de\/?p=533","title":{"rendered":"Noch unklar: Tarif\u00fcbernahme bei individuellen Zwischen- und Endstufen"},"content":{"rendered":"<p>Wir alle freuen uns \u00fcber die \u00dcbernahme des Tarifabschlusses vom M\u00e4rz f\u00fcr die kirchlichen Besch\u00e4ftigen. Wir gehen davon aus, dass Einmalzahlung, Sockelbetrag und 3% Entgelterh\u00f6hung f\u00fcr alle Mitarbeitenden gezahlt werden.<\/p>\n<p>Die Formulierung &#8222;<strong>Erh\u00f6hung des Tabellenentgelts<\/strong>&#8220; in den Erl\u00e4uterungen des Landeskirchenamtes zum &#8222;Beschluss der Arbeits- und Dienstrechtlichen Kommission vom 26. August 2009 zur \u00dcbernahme des Tarifergebnisses der Tarifgemeinschaft der L\u00e4nder vom 01.03.2009&#8220; vom 28.09.2009 sorgt jetzt aber f\u00fcr Irritationen.<\/p>\n<p>Was geschieht mit den Mitarbeitenden, die nach einer individuellen Zwischenstufe oder einer individuellen Endstufe bezahlt werden? Eine Anhebung des Tabellenentgeltes hilft da zun\u00e4chst wenig, da das Einkommen ja bereits oberhalb der jeweiligen Tabellenwerte liegt.<\/p>\n<p>F\u00fcr Mitarbeitende mit einer individuellen Endstufe k\u00f6nnte die Angelegenheit geregelt sein:<\/p>\n<p>In \u00a7 6 Abs. 4 Satz 4 ARR-\u00dc steht:<\/p>\n<p><strong>&#8222;Die individuelle Endstufe ver\u00e4ndert sich um denselben Vomhundertsatz beziehungsweise  in demselben Umfang wie die h\u00f6chste Stufe der jeweiligen Entgeltgruppe.&#8220;<\/strong><\/p>\n<p>Eine entsprechende Dynamisierungsregelung f\u00fcr Mitarbeitende mit\u00a0 einer &#8222;individuellen Zwischenstufe&#8220; konnten wir bislang nicht finden.<\/p>\n<p>Wir bitten die in der AKD vertretenden Organisationen eine rasche Klarstellung, damit keine weitere Verunsicherung um sich greift.<\/p>\n","protected":false},"excerpt":{"rendered":"<p>Wir alle freuen uns \u00fcber die \u00dcbernahme des Tarifabschlusses vom M\u00e4rz f\u00fcr die kirchlichen Besch\u00e4ftigen. Wir gehen davon aus, dass Einmalzahlung, Sockelbetrag und 3% Entgelterh\u00f6hung f\u00fcr alle Mitarbeitenden gezahlt werden. Die Formulierung &#8222;Erh\u00f6hung des Tabellenentgelts&#8220; in den Erl\u00e4uterungen des Landeskirchenamtes zum &#8222;Beschluss der Arbeits- und Dienstrechtlichen Kommission vom 26. August 2009 zur \u00dcbernahme des Tarifergebnisses [&hellip;]<\/p>\n","protected":false},"author":1,"featured_media":0,"comment_status":"open","ping_status":"closed","sticky":false,"template":"","format":"standard","meta":{"footnotes":""},"categories":[1],"tags":[],"class_list":["post-533","post","type-post","status-publish","format-standard","hentry","category-informationen"],"_links":{"self":[{"href":"https:\/\/mav.leine-solling.de\/index.php?rest_route=\/wp\/v2\/posts\/533","targetHints":{"allow":["GET"]}}],"collection":[{"href":"https:\/\/mav.leine-solling.de\/index.php?rest_route=\/wp\/v2\/posts"}],"about":[{"href":"https:\/\/mav.leine-solling.de\/index.php?rest_route=\/wp\/v2\/types\/post"}],"author":[{"embeddable":true,"href":"https:\/\/mav.leine-solling.de\/index.php?rest_route=\/wp\/v2\/users\/1"}],"replies":[{"embeddable":true,"href":"https:\/\/mav.leine-solling.de\/index.php?rest_route=%2Fwp%2Fv2%2Fcomments&post=533"}],"version-history":[{"count":4,"href":"https:\/\/mav.leine-solling.de\/index.php?rest_route=\/wp\/v2\/posts\/533\/revisions"}],"predecessor-version":[{"id":536,"href":"https:\/\/mav.leine-solling.de\/index.php?rest_route=\/wp\/v2\/posts\/533\/revisions\/536"}],"wp:attachment":[{"href":"https:\/\/mav.leine-solling.de\/index.php?rest_route=%2Fwp%2Fv2%2Fmedia&parent=533"}],"wp:term":[{"taxonomy":"category","embeddable":true,"href":"https:\/\/mav.leine-solling.de\/index.php?rest_route=%2Fwp%2Fv2%2Fcategories&post=533"},{"taxonomy":"post_tag","embeddable":true,"href":"https:\/\/mav.leine-solling.de\/index.php?rest_route=%2Fwp%2Fv2%2Ftags&post=533"}],"curies":[{"name":"wp","href":"https:\/\/api.w.org\/{rel}","templated":true}]}}