{"id":5301,"date":"2026-04-23T08:49:39","date_gmt":"2026-04-23T07:49:39","guid":{"rendered":"https:\/\/mav.leine-solling.de\/?p=5301"},"modified":"2026-04-23T08:49:39","modified_gmt":"2026-04-23T07:49:39","slug":"ploetzlich-pflegefall-in-der-familie-aber-ich-muss-doch-arbeiten","status":"publish","type":"post","link":"https:\/\/mav.leine-solling.de\/?p=5301","title":{"rendered":"Pl\u00f6tzlich Pflegefall in der Familie. &#8222;Aber ich muss doch ARBEITEN!!!&#8220;"},"content":{"rendered":"<p>&nbsp;<\/p>\n<p>Es gibt Themen die schiebt jeder Mensch gerne vor sich her. Patientenverf\u00fcgung,\u00a0Vorsorgevollmacht oder gar die Pflege von Angeh\u00f6rigen (vom Kind bis Senioren).<\/p>\n<p>Der Kirchenkreis Leine-Solling mit seinen Einrichtungen hat hier als \u201eUnternehmen\u201c\u00a0einen gro\u00dfen Schritt gemacht und der stellvertretenden Vorsitzenden der <abbr class='c2c-text-hover' title='Mitarbeitervertretung'>MAV<\/abbr> Leine-Solling, Andrea Schirmer, die\u00a0 \u201eQualifizierung zur\u00a0Betrieblichen Pflegelotsin\u201c erm\u00f6glicht.<\/p>\n<p><a href=\"https:\/\/mav.leine-solling.de\/wp-content\/uploads\/2026\/04\/Urkunde-Qualifizierung-1.png\"><img loading=\"lazy\" decoding=\"async\" class=\" wp-image-5307 aligncenter\" src=\"https:\/\/mav.leine-solling.de\/wp-content\/uploads\/2026\/04\/Urkunde-Qualifizierung-1-211x300.png\" alt=\"\" width=\"253\" height=\"360\" srcset=\"https:\/\/mav.leine-solling.de\/wp-content\/uploads\/2026\/04\/Urkunde-Qualifizierung-1-211x300.png 211w, https:\/\/mav.leine-solling.de\/wp-content\/uploads\/2026\/04\/Urkunde-Qualifizierung-1.png 546w\" sizes=\"auto, (max-width: 253px) 100vw, 253px\" \/><\/a><\/p>\n<p>&nbsp;<\/p>\n<p>Durch das Unternehmensnetzwerk Wirtschaft &amp; Familie e. V. mit dem Projekt\u00a0\u201eBeruf und Pflege\u201c im Landkreis Northeim konnte die Ma\u00dfnahme erm\u00f6glicht werden.<\/p>\n<p>Im Kirchenkreis Leine-Solling m\u00f6chten wir als attraktive Arbeitgeberin f\u00fcr unsere ca. 700 Mitarbeitenden Unterst\u00fctzungsszenarien bedenken und nach M\u00f6glichkeit bef\u00f6rdern, um Beruf und eintretende Pflegeverantwortung miteinander zu vereinbaren. Eine gute Zusammenarbeit mit dem Senioren- und Pflegest\u00fctzpunkt Niedersachsen (SPN) hilft uns dabei.<\/p>\n<p><a href=\"https:\/\/mav.leine-solling.de\/wp-content\/uploads\/2026\/04\/Gruppenabschlussfoto_18.3.26-scaled.png\"><img loading=\"lazy\" decoding=\"async\" class=\" wp-image-5304 aligncenter\" src=\"https:\/\/mav.leine-solling.de\/wp-content\/uploads\/2026\/04\/Gruppenabschlussfoto_18.3.26-300x168.png\" alt=\"\" width=\"362\" height=\"203\" srcset=\"https:\/\/mav.leine-solling.de\/wp-content\/uploads\/2026\/04\/Gruppenabschlussfoto_18.3.26-300x168.png 300w, https:\/\/mav.leine-solling.de\/wp-content\/uploads\/2026\/04\/Gruppenabschlussfoto_18.3.26-1024x572.png 1024w, https:\/\/mav.leine-solling.de\/wp-content\/uploads\/2026\/04\/Gruppenabschlussfoto_18.3.26-768x429.png 768w, https:\/\/mav.leine-solling.de\/wp-content\/uploads\/2026\/04\/Gruppenabschlussfoto_18.3.26-600x335.png 600w, https:\/\/mav.leine-solling.de\/wp-content\/uploads\/2026\/04\/Gruppenabschlussfoto_18.3.26-1536x858.png 1536w, https:\/\/mav.leine-solling.de\/wp-content\/uploads\/2026\/04\/Gruppenabschlussfoto_18.3.26-2048x1144.png 2048w, https:\/\/mav.leine-solling.de\/wp-content\/uploads\/2026\/04\/Gruppenabschlussfoto_18.3.26-1320x737.png 1320w\" sizes=\"auto, (max-width: 362px) 100vw, 362px\" \/><\/a><\/p>\n<p>Es gibt Lebenslagen, in denen diese Mitarbeitenden selbst notwendige Unterst\u00fctzung ben\u00f6tigen, damit die Anforderungen im Beruf mit eintretender Pflegeverantwortung weiterhin erbracht werden k\u00f6nnen.<\/p>\n<p>Andrea Schirmer ist erreichbar \u00fcber die <abbr class='c2c-text-hover' title='Mitarbeitervertretung'>MAV<\/abbr> Leine-Solling, E-Mail: <abbr class='c2c-text-hover' title='Mitarbeitervertretung'>mav<\/abbr>.leine-solling@evlka.de oder telefonisch unter 05551-914543 bzw. mobil unter 0151-10500445.<\/p>\n<p>Anfragen unterliegen selbstverst\u00e4ndlich der Schweigepflicht und werden absolut\u00a0 vertraulich behandelt!<\/p>\n","protected":false},"excerpt":{"rendered":"<p>&nbsp; Es gibt Themen die schiebt jeder Mensch gerne vor sich her. Patientenverf\u00fcgung,\u00a0Vorsorgevollmacht oder gar die Pflege von Angeh\u00f6rigen (vom Kind bis Senioren). Der Kirchenkreis Leine-Solling mit seinen Einrichtungen hat hier als \u201eUnternehmen\u201c\u00a0einen gro\u00dfen Schritt gemacht und der stellvertretenden Vorsitzenden der <abbr class='c2c-text-hover' title='Mitarbeitervertretung'>MAV<\/abbr> Leine-Solling, Andrea Schirmer, die\u00a0 \u201eQualifizierung zur\u00a0Betrieblichen Pflegelotsin\u201c erm\u00f6glicht. &nbsp; Durch das Unternehmensnetzwerk Wirtschaft [&hellip;]<\/p>\n","protected":false},"author":1,"featured_media":0,"comment_status":"closed","ping_status":"closed","sticky":false,"template":"","format":"standard","meta":{"footnotes":""},"categories":[1],"tags":[],"class_list":["post-5301","post","type-post","status-publish","format-standard","hentry","category-informationen"],"_links":{"self":[{"href":"https:\/\/mav.leine-solling.de\/index.php?rest_route=\/wp\/v2\/posts\/5301","targetHints":{"allow":["GET"]}}],"collection":[{"href":"https:\/\/mav.leine-solling.de\/index.php?rest_route=\/wp\/v2\/posts"}],"about":[{"href":"https:\/\/mav.leine-solling.de\/index.php?rest_route=\/wp\/v2\/types\/post"}],"author":[{"embeddable":true,"href":"https:\/\/mav.leine-solling.de\/index.php?rest_route=\/wp\/v2\/users\/1"}],"replies":[{"embeddable":true,"href":"https:\/\/mav.leine-solling.de\/index.php?rest_route=%2Fwp%2Fv2%2Fcomments&post=5301"}],"version-history":[{"count":4,"href":"https:\/\/mav.leine-solling.de\/index.php?rest_route=\/wp\/v2\/posts\/5301\/revisions"}],"predecessor-version":[{"id":5310,"href":"https:\/\/mav.leine-solling.de\/index.php?rest_route=\/wp\/v2\/posts\/5301\/revisions\/5310"}],"wp:attachment":[{"href":"https:\/\/mav.leine-solling.de\/index.php?rest_route=%2Fwp%2Fv2%2Fmedia&parent=5301"}],"wp:term":[{"taxonomy":"category","embeddable":true,"href":"https:\/\/mav.leine-solling.de\/index.php?rest_route=%2Fwp%2Fv2%2Fcategories&post=5301"},{"taxonomy":"post_tag","embeddable":true,"href":"https:\/\/mav.leine-solling.de\/index.php?rest_route=%2Fwp%2Fv2%2Ftags&post=5301"}],"curies":[{"name":"wp","href":"https:\/\/api.w.org\/{rel}","templated":true}]}}