{"id":5181,"date":"2025-11-21T09:04:44","date_gmt":"2025-11-21T08:04:44","guid":{"rendered":"https:\/\/mav.leine-solling.de\/?p=5181"},"modified":"2025-12-18T10:54:11","modified_gmt":"2025-12-18T09:54:11","slug":"feier-dienstjubilaeum","status":"publish","type":"post","link":"https:\/\/mav.leine-solling.de\/?p=5181","title":{"rendered":"Feier Dienstjubil\u00e4um"},"content":{"rendered":"<p>Mit eine Feier zum Dienstjubil\u00e4um wurden Mitarbeitende aus dem Kirchenkreis Leine-Solling und dem Kirchenkreisverband Harzer Land und Leine-Solling im Oktober in der Liebfrauenkirche zu Moringen f\u00fcr ihre 10, 20, 30 oder sogar noch mehr Jahre Mitarbeit und Engagement geehrt.<\/p>\n<p>In ihrer Ansprache w\u00fcrdigte Superintendentin Frau von Lingen das au\u00dfergew\u00f6hnliche Wirken und die Treue jedes Einzelnen \u2013 eine bewegende Erinnerung daran, wie wichtig jede und jeder f\u00fcr unsere Gemeinschaft ist. Im Anschluss gestalteten Andrea Schirmer und G\u00fcnter St\u00f6fer von der Mitarbeitendenvertretung einen kleinen R\u00fcckblick \u00fcber die letzten 40 Jahre unter dem Motto &#8222;Was war wann&#8220;.<\/p>\n<p><a href=\"https:\/\/mav.leine-solling.de\/?attachment_id=5183\" rel=\"attachment wp-att-5183\"><img loading=\"lazy\" decoding=\"async\" class=\"aligncenter wp-image-5183\" src=\"https:\/\/mav.leine-solling.de\/wp-content\/uploads\/2025\/11\/2025-Gruppe-300x196.jpg\" alt=\"\" width=\"504\" height=\"329\" srcset=\"https:\/\/mav.leine-solling.de\/wp-content\/uploads\/2025\/11\/2025-Gruppe-300x196.jpg 300w, https:\/\/mav.leine-solling.de\/wp-content\/uploads\/2025\/11\/2025-Gruppe-1024x670.jpg 1024w, https:\/\/mav.leine-solling.de\/wp-content\/uploads\/2025\/11\/2025-Gruppe-768x502.jpg 768w, https:\/\/mav.leine-solling.de\/wp-content\/uploads\/2025\/11\/2025-Gruppe-600x393.jpg 600w, https:\/\/mav.leine-solling.de\/wp-content\/uploads\/2025\/11\/2025-Gruppe-1536x1005.jpg 1536w, https:\/\/mav.leine-solling.de\/wp-content\/uploads\/2025\/11\/2025-Gruppe-2048x1340.jpg 2048w, https:\/\/mav.leine-solling.de\/wp-content\/uploads\/2025\/11\/2025-Gruppe-1320x864.jpg 1320w\" sizes=\"auto, (max-width: 504px) 100vw, 504px\" \/><\/a><\/p>\n<p>Musikalisch untermalt wurde der feierliche Rahmen von Herrn St\u00f6fer, der mit seiner Musik die besondere Atmosph\u00e4re eingefangen hat. Bei Snacks und Getr\u00e4nken gab es anschlie\u00dfend Zeit f\u00fcr Begegnung, Austausch und viele sch\u00f6ne Gespr\u00e4che \u00fcber die vielf\u00e4ltige Arbeit in unseren Kitas und Einrichtungen.<\/p>\n<p>Vielen Dank f\u00fcr euren Einsatz und eure Best\u00e4ndigkeit.<\/p>\n<p>Die n\u00e4chste Feier f\u00fcr die Dienstjubil\u00e4en findet am <strong>27.10.2026 <\/strong>statt. Alle Jubilare erhalten rechtzeitig eine Einladung.<\/p>\n","protected":false},"excerpt":{"rendered":"<p>Mit eine Feier zum Dienstjubil\u00e4um wurden Mitarbeitende aus dem Kirchenkreis Leine-Solling und dem Kirchenkreisverband Harzer Land und Leine-Solling im Oktober in der Liebfrauenkirche zu Moringen f\u00fcr ihre 10, 20, 30 oder sogar noch mehr Jahre Mitarbeit und Engagement geehrt. In ihrer Ansprache w\u00fcrdigte Superintendentin Frau von Lingen das au\u00dfergew\u00f6hnliche Wirken und die Treue jedes Einzelnen [&hellip;]<\/p>\n","protected":false},"author":1,"featured_media":0,"comment_status":"closed","ping_status":"closed","sticky":false,"template":"","format":"standard","meta":{"footnotes":""},"categories":[1],"tags":[],"class_list":["post-5181","post","type-post","status-publish","format-standard","hentry","category-informationen"],"_links":{"self":[{"href":"https:\/\/mav.leine-solling.de\/index.php?rest_route=\/wp\/v2\/posts\/5181","targetHints":{"allow":["GET"]}}],"collection":[{"href":"https:\/\/mav.leine-solling.de\/index.php?rest_route=\/wp\/v2\/posts"}],"about":[{"href":"https:\/\/mav.leine-solling.de\/index.php?rest_route=\/wp\/v2\/types\/post"}],"author":[{"embeddable":true,"href":"https:\/\/mav.leine-solling.de\/index.php?rest_route=\/wp\/v2\/users\/1"}],"replies":[{"embeddable":true,"href":"https:\/\/mav.leine-solling.de\/index.php?rest_route=%2Fwp%2Fv2%2Fcomments&post=5181"}],"version-history":[{"count":5,"href":"https:\/\/mav.leine-solling.de\/index.php?rest_route=\/wp\/v2\/posts\/5181\/revisions"}],"predecessor-version":[{"id":5213,"href":"https:\/\/mav.leine-solling.de\/index.php?rest_route=\/wp\/v2\/posts\/5181\/revisions\/5213"}],"wp:attachment":[{"href":"https:\/\/mav.leine-solling.de\/index.php?rest_route=%2Fwp%2Fv2%2Fmedia&parent=5181"}],"wp:term":[{"taxonomy":"category","embeddable":true,"href":"https:\/\/mav.leine-solling.de\/index.php?rest_route=%2Fwp%2Fv2%2Fcategories&post=5181"},{"taxonomy":"post_tag","embeddable":true,"href":"https:\/\/mav.leine-solling.de\/index.php?rest_route=%2Fwp%2Fv2%2Ftags&post=5181"}],"curies":[{"name":"wp","href":"https:\/\/api.w.org\/{rel}","templated":true}]}}