{"id":5111,"date":"2025-09-18T10:42:33","date_gmt":"2025-09-18T09:42:33","guid":{"rendered":"https:\/\/mav.leine-solling.de\/?p=5111"},"modified":"2025-09-18T10:42:33","modified_gmt":"2025-09-18T09:42:33","slug":"willkommenstag-im-kita-verband","status":"publish","type":"post","link":"https:\/\/mav.leine-solling.de\/?p=5111","title":{"rendered":"Willkommenstag im KiTa-Verband"},"content":{"rendered":"<p style=\"text-align: center;\">Der Ev.-luth. Kindertagesst\u00e4ttenverband Leine-Solling hat zu Beginn des Kindergartenjahres seine neuen p\u00e4dagogischen Fachkr\u00e4fte wieder zum Willkommenstag eingeladen. Das neue Leitungsteam Sonja Peters und Sonja Ahrens f\u00fchrten durchs Programm. Unter dem Motto \u201eWo bin ich hier gelandet\u201c lernten die Mitarbeitenden nicht nur die Tr\u00e4gerstrukturen der Kirche und des Verbandes kennen. Es ging auch darum, das christliche Profil erlebbar zu machen.<\/p>\n<p><a href=\"https:\/\/mav.leine-solling.de\/?attachment_id=5112\" rel=\"attachment wp-att-5112\"><img loading=\"lazy\" decoding=\"async\" class=\"wp-image-5112 aligncenter\" src=\"https:\/\/mav.leine-solling.de\/wp-content\/uploads\/2025\/09\/tmp_photo_7904843939431819583-300x300.jpg\" alt=\"\" width=\"327\" height=\"327\" srcset=\"https:\/\/mav.leine-solling.de\/wp-content\/uploads\/2025\/09\/tmp_photo_7904843939431819583-300x300.jpg 300w, https:\/\/mav.leine-solling.de\/wp-content\/uploads\/2025\/09\/tmp_photo_7904843939431819583-150x150.jpg 150w, https:\/\/mav.leine-solling.de\/wp-content\/uploads\/2025\/09\/tmp_photo_7904843939431819583.jpg 320w\" sizes=\"auto, (max-width: 327px) 100vw, 327px\" \/><\/a><\/p>\n<p style=\"text-align: center;\">Auch die Mitarbeitendenvertretung (<abbr class='c2c-text-hover' title='Mitarbeitervertretung'>MAV<\/abbr>), vertreten durch G\u00fcnter St\u00f6fer und Andrea Schirmer, statteten der Runde einen Besuch ab und stellten die Arbeit der <abbr class='c2c-text-hover' title='Mitarbeitervertretung'>MAV<\/abbr> vor.<\/p>\n","protected":false},"excerpt":{"rendered":"<p>Der Ev.-luth. Kindertagesst\u00e4ttenverband Leine-Solling hat zu Beginn des Kindergartenjahres seine neuen p\u00e4dagogischen Fachkr\u00e4fte wieder zum Willkommenstag eingeladen. Das neue Leitungsteam Sonja Peters und Sonja Ahrens f\u00fchrten durchs Programm. Unter dem Motto \u201eWo bin ich hier gelandet\u201c lernten die Mitarbeitenden nicht nur die Tr\u00e4gerstrukturen der Kirche und des Verbandes kennen. Es ging auch darum, das christliche [&hellip;]<\/p>\n","protected":false},"author":1,"featured_media":0,"comment_status":"closed","ping_status":"closed","sticky":false,"template":"","format":"standard","meta":{"footnotes":""},"categories":[1],"tags":[],"class_list":["post-5111","post","type-post","status-publish","format-standard","hentry","category-informationen"],"_links":{"self":[{"href":"https:\/\/mav.leine-solling.de\/index.php?rest_route=\/wp\/v2\/posts\/5111","targetHints":{"allow":["GET"]}}],"collection":[{"href":"https:\/\/mav.leine-solling.de\/index.php?rest_route=\/wp\/v2\/posts"}],"about":[{"href":"https:\/\/mav.leine-solling.de\/index.php?rest_route=\/wp\/v2\/types\/post"}],"author":[{"embeddable":true,"href":"https:\/\/mav.leine-solling.de\/index.php?rest_route=\/wp\/v2\/users\/1"}],"replies":[{"embeddable":true,"href":"https:\/\/mav.leine-solling.de\/index.php?rest_route=%2Fwp%2Fv2%2Fcomments&post=5111"}],"version-history":[{"count":3,"href":"https:\/\/mav.leine-solling.de\/index.php?rest_route=\/wp\/v2\/posts\/5111\/revisions"}],"predecessor-version":[{"id":5115,"href":"https:\/\/mav.leine-solling.de\/index.php?rest_route=\/wp\/v2\/posts\/5111\/revisions\/5115"}],"wp:attachment":[{"href":"https:\/\/mav.leine-solling.de\/index.php?rest_route=%2Fwp%2Fv2%2Fmedia&parent=5111"}],"wp:term":[{"taxonomy":"category","embeddable":true,"href":"https:\/\/mav.leine-solling.de\/index.php?rest_route=%2Fwp%2Fv2%2Fcategories&post=5111"},{"taxonomy":"post_tag","embeddable":true,"href":"https:\/\/mav.leine-solling.de\/index.php?rest_route=%2Fwp%2Fv2%2Ftags&post=5111"}],"curies":[{"name":"wp","href":"https:\/\/api.w.org\/{rel}","templated":true}]}}