{"id":505,"date":"2009-07-30T08:30:33","date_gmt":"2009-07-30T07:30:33","guid":{"rendered":"http:\/\/mav.leine-solling.de\/neu\/?p=505"},"modified":"2009-07-30T08:30:33","modified_gmt":"2009-07-30T07:30:33","slug":"tarifabschluss-im-sozial-und-erziehungsdienst","status":"publish","type":"post","link":"https:\/\/mav.leine-solling.de\/?p=505","title":{"rendered":"Tarifabschluss im Sozial- und Erziehungsdienst"},"content":{"rendered":"<p>Am 27.07.09 ist ein Ergebnis f\u00fcr  einen Tarifvertrag zur betrieblichen Gesundheitsf\u00f6rderung und f\u00fcr neue Eingruppierungen im Sozial- und Erziehungsdienst erzielt worden.<\/p>\n<p>Die konkreten Ergebnisse der Einigung sind u.a. auf der Homepage des <abbr class='c2c-text-hover' title='Mitarbeitervertretungsverband'>MVV<\/abbr> (www.<abbr class='c2c-text-hover' title='Mitarbeitervertretungsverband'>mvv<\/abbr>-k.de) erl\u00e4utert.<\/p>\n<p>Bleibt zu hoffen, dass es in absehbarer Zeit zur \u00dcbernahme des Ergebnisses f\u00fcr den kirchlichen Bereich kommt. Bislang betreffen die Vereinbarungen lediglich den Bereich <abbr class='c2c-text-hover' title='Tarifvertrag \u00f6ffentlicher Dienst'>TV-\u00d6D<\/abbr>.<\/p>\n","protected":false},"excerpt":{"rendered":"<p>Am 27.07.09 ist ein Ergebnis f\u00fcr einen Tarifvertrag zur betrieblichen Gesundheitsf\u00f6rderung und f\u00fcr neue Eingruppierungen im Sozial- und Erziehungsdienst erzielt worden. Die konkreten Ergebnisse der Einigung sind u.a. auf der Homepage des <abbr class='c2c-text-hover' title='Mitarbeitervertretungsverband'>MVV<\/abbr> (www.<abbr class='c2c-text-hover' title='Mitarbeitervertretungsverband'>mvv<\/abbr>-k.de) erl\u00e4utert. Bleibt zu hoffen, dass es in absehbarer Zeit zur \u00dcbernahme des Ergebnisses f\u00fcr den kirchlichen Bereich kommt. Bislang betreffen die [&hellip;]<\/p>\n","protected":false},"author":1,"featured_media":0,"comment_status":"open","ping_status":"closed","sticky":false,"template":"","format":"standard","meta":{"footnotes":""},"categories":[1],"tags":[],"class_list":["post-505","post","type-post","status-publish","format-standard","hentry","category-informationen"],"_links":{"self":[{"href":"https:\/\/mav.leine-solling.de\/index.php?rest_route=\/wp\/v2\/posts\/505","targetHints":{"allow":["GET"]}}],"collection":[{"href":"https:\/\/mav.leine-solling.de\/index.php?rest_route=\/wp\/v2\/posts"}],"about":[{"href":"https:\/\/mav.leine-solling.de\/index.php?rest_route=\/wp\/v2\/types\/post"}],"author":[{"embeddable":true,"href":"https:\/\/mav.leine-solling.de\/index.php?rest_route=\/wp\/v2\/users\/1"}],"replies":[{"embeddable":true,"href":"https:\/\/mav.leine-solling.de\/index.php?rest_route=%2Fwp%2Fv2%2Fcomments&post=505"}],"version-history":[{"count":1,"href":"https:\/\/mav.leine-solling.de\/index.php?rest_route=\/wp\/v2\/posts\/505\/revisions"}],"predecessor-version":[{"id":506,"href":"https:\/\/mav.leine-solling.de\/index.php?rest_route=\/wp\/v2\/posts\/505\/revisions\/506"}],"wp:attachment":[{"href":"https:\/\/mav.leine-solling.de\/index.php?rest_route=%2Fwp%2Fv2%2Fmedia&parent=505"}],"wp:term":[{"taxonomy":"category","embeddable":true,"href":"https:\/\/mav.leine-solling.de\/index.php?rest_route=%2Fwp%2Fv2%2Fcategories&post=505"},{"taxonomy":"post_tag","embeddable":true,"href":"https:\/\/mav.leine-solling.de\/index.php?rest_route=%2Fwp%2Fv2%2Ftags&post=505"}],"curies":[{"name":"wp","href":"https:\/\/api.w.org\/{rel}","templated":true}]}}