{"id":4877,"date":"2024-09-05T10:32:42","date_gmt":"2024-09-05T09:32:42","guid":{"rendered":"https:\/\/mav.leine-solling.de\/?p=4877"},"modified":"2024-09-05T10:32:42","modified_gmt":"2024-09-05T09:32:42","slug":"kita-verband-willkommenstag-2024","status":"publish","type":"post","link":"https:\/\/mav.leine-solling.de\/?p=4877","title":{"rendered":"KiTa-Verband Willkommenstag 2024"},"content":{"rendered":"<p>Insgesamt 19 Fachkr\u00e4fte wurden am 29.08.2024 im Gemeindehaus der Corvinus-Kirche in Northeim bei ihrem neuen Arbeitgeber, dem Kitaverband Leine-Solling, willkommen gehei\u00dfen und auf den Start in den Kindertagesst\u00e4tten des Verbandes vorbereitet. F\u00fcr die meisten neuen Mitarbeitenden ist es die erste Arbeitsstelle nach der Ausbildung in einem p\u00e4dagogischen Beruf, andere wechseln den Arbeitgeber und bringen bereits Berufserfahrung mit.<\/p>\n<p><a href=\"https:\/\/mav.leine-solling.de\/wp-content\/uploads\/2024\/09\/image-1-scaled.jpg\"><img loading=\"lazy\" decoding=\"async\" class=\"aligncenter  wp-image-4878\" src=\"https:\/\/mav.leine-solling.de\/wp-content\/uploads\/2024\/09\/image-1-300x244.jpg\" alt=\"\" width=\"448\" height=\"365\" srcset=\"https:\/\/mav.leine-solling.de\/wp-content\/uploads\/2024\/09\/image-1-300x244.jpg 300w, https:\/\/mav.leine-solling.de\/wp-content\/uploads\/2024\/09\/image-1-1024x832.jpg 1024w, https:\/\/mav.leine-solling.de\/wp-content\/uploads\/2024\/09\/image-1-768x624.jpg 768w, https:\/\/mav.leine-solling.de\/wp-content\/uploads\/2024\/09\/image-1-600x487.jpg 600w, https:\/\/mav.leine-solling.de\/wp-content\/uploads\/2024\/09\/image-1-1536x1248.jpg 1536w, https:\/\/mav.leine-solling.de\/wp-content\/uploads\/2024\/09\/image-1-2048x1664.jpg 2048w, https:\/\/mav.leine-solling.de\/wp-content\/uploads\/2024\/09\/image-1-1320x1072.jpg 1320w\" sizes=\"auto, (max-width: 448px) 100vw, 448px\" \/><\/a><\/p>\n<p>Am \u201eWillkommenstag\u201c wurden sie von der P\u00e4dagogischen Leitung Iris Weber und der Fachberaterin Sonja Ahrens in die kirchlichen Strukturen eingef\u00fchrt. Es wurden Fragen nachgegangen, wie: \u201eWozu ist Kirche da?\u201c, \u201eWie sind die kirchlichen Strukturen und der evangelische Kitaverband aufgebaut\u201c und \u201eWie ist eigentlich mein pers\u00f6nliches Verh\u00e4ltnis zur Kirche und zum Glauben?\u201c.<\/p>\n<p>Andrea Schirmer und G\u00fcnter St\u00f6fer von der Mitarbeitervertretung f\u00fcr den Kirchenkreis Leine-Solling waren beim Willkommenstag dabei und konnten den neuen Mitarbeiterinnen und Mitarbeitern die Arbeit der <abbr class=\"c2c-text-hover\" title=\"\" data-hasqtip=\"1\">MAV<\/abbr>\u00a0vorstellen.<\/p>\n","protected":false},"excerpt":{"rendered":"<p>Insgesamt 19 Fachkr\u00e4fte wurden am 29.08.2024 im Gemeindehaus der Corvinus-Kirche in Northeim bei ihrem neuen Arbeitgeber, dem Kitaverband Leine-Solling, willkommen gehei\u00dfen und auf den Start in den Kindertagesst\u00e4tten des Verbandes vorbereitet. F\u00fcr die meisten neuen Mitarbeitenden ist es die erste Arbeitsstelle nach der Ausbildung in einem p\u00e4dagogischen Beruf, andere wechseln den Arbeitgeber und bringen bereits [&hellip;]<\/p>\n","protected":false},"author":1,"featured_media":0,"comment_status":"closed","ping_status":"closed","sticky":false,"template":"","format":"standard","meta":{"footnotes":""},"categories":[1],"tags":[],"class_list":["post-4877","post","type-post","status-publish","format-standard","hentry","category-informationen"],"_links":{"self":[{"href":"https:\/\/mav.leine-solling.de\/index.php?rest_route=\/wp\/v2\/posts\/4877","targetHints":{"allow":["GET"]}}],"collection":[{"href":"https:\/\/mav.leine-solling.de\/index.php?rest_route=\/wp\/v2\/posts"}],"about":[{"href":"https:\/\/mav.leine-solling.de\/index.php?rest_route=\/wp\/v2\/types\/post"}],"author":[{"embeddable":true,"href":"https:\/\/mav.leine-solling.de\/index.php?rest_route=\/wp\/v2\/users\/1"}],"replies":[{"embeddable":true,"href":"https:\/\/mav.leine-solling.de\/index.php?rest_route=%2Fwp%2Fv2%2Fcomments&post=4877"}],"version-history":[{"count":3,"href":"https:\/\/mav.leine-solling.de\/index.php?rest_route=\/wp\/v2\/posts\/4877\/revisions"}],"predecessor-version":[{"id":4881,"href":"https:\/\/mav.leine-solling.de\/index.php?rest_route=\/wp\/v2\/posts\/4877\/revisions\/4881"}],"wp:attachment":[{"href":"https:\/\/mav.leine-solling.de\/index.php?rest_route=%2Fwp%2Fv2%2Fmedia&parent=4877"}],"wp:term":[{"taxonomy":"category","embeddable":true,"href":"https:\/\/mav.leine-solling.de\/index.php?rest_route=%2Fwp%2Fv2%2Fcategories&post=4877"},{"taxonomy":"post_tag","embeddable":true,"href":"https:\/\/mav.leine-solling.de\/index.php?rest_route=%2Fwp%2Fv2%2Ftags&post=4877"}],"curies":[{"name":"wp","href":"https:\/\/api.w.org\/{rel}","templated":true}]}}