{"id":475,"date":"2009-06-02T10:50:18","date_gmt":"2009-06-02T09:50:18","guid":{"rendered":"http:\/\/mav.leine-solling.de\/neu\/?p=475"},"modified":"2009-06-02T10:58:48","modified_gmt":"2009-06-02T09:58:48","slug":"die-mav-ihrer-zeit-voraus-und-schon-in-rot","status":"publish","type":"post","link":"https:\/\/mav.leine-solling.de\/?p=475","title":{"rendered":"Die MAV Ihrer Zeit voraus und schon in Rot"},"content":{"rendered":"<p><a href=\"https:\/\/mav.leine-solling.de\/neu\/wp-content\/uploads\/2009\/06\/sitzungsbild.jpg\"><img loading=\"lazy\" decoding=\"async\" class=\"aligncenter size-medium wp-image-481\" title=\"sitzungsbild\" src=\"https:\/\/mav.leine-solling.de\/neu\/wp-content\/uploads\/2009\/06\/sitzungsbild-300x192.jpg\" alt=\"sitzungsbild\" width=\"300\" height=\"192\" srcset=\"https:\/\/mav.leine-solling.de\/wp-content\/uploads\/2009\/06\/sitzungsbild-300x192.jpg 300w, https:\/\/mav.leine-solling.de\/wp-content\/uploads\/2009\/06\/sitzungsbild.jpg 1024w\" sizes=\"auto, (max-width: 300px) 100vw, 300px\" \/><\/a><\/p>\n<p>Die <abbr class='c2c-text-hover' title='Mitarbeitervertretung'>MAV<\/abbr> Leine-Solling hat ihre heutige Sitzung in Solidarit\u00e4t mit dem Streik im Sozial-und Erziehungsdienst\u00a0 &#8222;ganz in Rot &#8220; abgehalten. Wir hoffen, dass wir -auch wenn wir einen Tag zu fr\u00fch dran waren- damit ein gutes Vorbild ab geben und morgen m\u00f6glichst viele &#8222;rote&#8220; Gruppen unterwegs sind. Wer noch Plakate oder Flugbl\u00e4tter braucht kann diese runterladen von der Webseite<\/p>\n<p><a href=\"www.chancen-foerdern.de\" target=\"_blank\">www.chancen-foerdern.de<\/a><\/p>\n<p>und einfach ausdrucken.<\/p>\n<p>Und denkt an Eure Bilder! Wir wollen eine sch\u00f6ne Leine-Solling Kollgage erstellen<\/p>\n","protected":false},"excerpt":{"rendered":"<p>Die <abbr class='c2c-text-hover' title='Mitarbeitervertretung'>MAV<\/abbr> Leine-Solling hat ihre heutige Sitzung in Solidarit\u00e4t mit dem Streik im Sozial-und Erziehungsdienst\u00a0 &#8222;ganz in Rot &#8220; abgehalten. Wir hoffen, dass wir -auch wenn wir einen Tag zu fr\u00fch dran waren- damit ein gutes Vorbild ab geben und morgen m\u00f6glichst viele &#8222;rote&#8220; Gruppen unterwegs sind. Wer noch Plakate oder Flugbl\u00e4tter braucht kann diese [&hellip;]<\/p>\n","protected":false},"author":1,"featured_media":0,"comment_status":"open","ping_status":"closed","sticky":false,"template":"","format":"standard","meta":{"footnotes":""},"categories":[1],"tags":[],"class_list":["post-475","post","type-post","status-publish","format-standard","hentry","category-informationen"],"_links":{"self":[{"href":"https:\/\/mav.leine-solling.de\/index.php?rest_route=\/wp\/v2\/posts\/475","targetHints":{"allow":["GET"]}}],"collection":[{"href":"https:\/\/mav.leine-solling.de\/index.php?rest_route=\/wp\/v2\/posts"}],"about":[{"href":"https:\/\/mav.leine-solling.de\/index.php?rest_route=\/wp\/v2\/types\/post"}],"author":[{"embeddable":true,"href":"https:\/\/mav.leine-solling.de\/index.php?rest_route=\/wp\/v2\/users\/1"}],"replies":[{"embeddable":true,"href":"https:\/\/mav.leine-solling.de\/index.php?rest_route=%2Fwp%2Fv2%2Fcomments&post=475"}],"version-history":[{"count":5,"href":"https:\/\/mav.leine-solling.de\/index.php?rest_route=\/wp\/v2\/posts\/475\/revisions"}],"predecessor-version":[{"id":494,"href":"https:\/\/mav.leine-solling.de\/index.php?rest_route=\/wp\/v2\/posts\/475\/revisions\/494"}],"wp:attachment":[{"href":"https:\/\/mav.leine-solling.de\/index.php?rest_route=%2Fwp%2Fv2%2Fmedia&parent=475"}],"wp:term":[{"taxonomy":"category","embeddable":true,"href":"https:\/\/mav.leine-solling.de\/index.php?rest_route=%2Fwp%2Fv2%2Fcategories&post=475"},{"taxonomy":"post_tag","embeddable":true,"href":"https:\/\/mav.leine-solling.de\/index.php?rest_route=%2Fwp%2Fv2%2Ftags&post=475"}],"curies":[{"name":"wp","href":"https:\/\/api.w.org\/{rel}","templated":true}]}}