{"id":4702,"date":"2023-12-11T11:59:19","date_gmt":"2023-12-11T10:59:19","guid":{"rendered":"https:\/\/mav.leine-solling.de\/?p=4702"},"modified":"2023-12-11T12:00:34","modified_gmt":"2023-12-11T11:00:34","slug":"tarifabschluss-tv-l-vom-09-12-2023","status":"publish","type":"post","link":"https:\/\/mav.leine-solling.de\/?p=4702","title":{"rendered":"Tarifabschluss TV-L vom 09.12.2023"},"content":{"rendered":"<p style=\"text-align: center;\">Die Tarifverhandlungen f\u00fcr die Besch\u00e4ftigten im \u00f6ffentlichen Dienst der L\u00e4nder (<abbr class='c2c-text-hover' title='Tarifvertrag der L\u00e4nder'>TV-L<\/abbr>) sind am 09.12.2023 zu Ende gegangen. Nach z\u00e4hen Verhandlungen konnte ein Tarifergebnis erzielt werden. Details dazu findet ihr hier:<\/p>\n<p style=\"text-align: center;\"><a href=\"https:\/\/www.oeffentlichen-dienst.de\/die-tarifabschluesse-fuer-den-oeffentlichen-dienst\/4069-tarifrunde-tv-l-ergebnisse.html\" target=\"_blank\" rel=\"noopener\">Ergebnis <abbr class='c2c-text-hover' title='Tarifvertrag der L\u00e4nder'>TV-L<\/abbr><\/a><\/p>\n<p style=\"text-align: center;\">Aber! Die Endfassung dieses Abschlusses geht erst im Januar in die <abbr class='c2c-text-hover' title='Arbeits- und Dienstrechtliche Kommission'>ADK<\/abbr>. Wir wollen hoffen, dass das Ergebnis dann 1:1 \u00fcbernommen wird. Wir werden an dieser Stelle zeitnah informieren.<\/p>\n<p style=\"text-align: center;\"><strong>Achtung: Dieser Abschluss gilt nur Besch\u00e4ftigte im <abbr class='c2c-text-hover' title='Tarifvertrag der L\u00e4nder'>TV-L<\/abbr>!<\/strong><\/p>\n","protected":false},"excerpt":{"rendered":"<p>Die Tarifverhandlungen f\u00fcr die Besch\u00e4ftigten im \u00f6ffentlichen Dienst der L\u00e4nder (<abbr class='c2c-text-hover' title='Tarifvertrag der L\u00e4nder'>TV-L<\/abbr>) sind am 09.12.2023 zu Ende gegangen. Nach z\u00e4hen Verhandlungen konnte ein Tarifergebnis erzielt werden. Details dazu findet ihr hier: Ergebnis <abbr class='c2c-text-hover' title='Tarifvertrag der L\u00e4nder'>TV-L<\/abbr> Aber! Die Endfassung dieses Abschlusses geht erst im Januar in die <abbr class='c2c-text-hover' title='Arbeits- und Dienstrechtliche Kommission'>ADK<\/abbr>. Wir wollen hoffen, dass das Ergebnis dann 1:1 \u00fcbernommen wird. Wir [&hellip;]<\/p>\n","protected":false},"author":1,"featured_media":0,"comment_status":"closed","ping_status":"closed","sticky":false,"template":"","format":"standard","meta":{"footnotes":""},"categories":[1],"tags":[],"class_list":["post-4702","post","type-post","status-publish","format-standard","hentry","category-informationen"],"_links":{"self":[{"href":"https:\/\/mav.leine-solling.de\/index.php?rest_route=\/wp\/v2\/posts\/4702","targetHints":{"allow":["GET"]}}],"collection":[{"href":"https:\/\/mav.leine-solling.de\/index.php?rest_route=\/wp\/v2\/posts"}],"about":[{"href":"https:\/\/mav.leine-solling.de\/index.php?rest_route=\/wp\/v2\/types\/post"}],"author":[{"embeddable":true,"href":"https:\/\/mav.leine-solling.de\/index.php?rest_route=\/wp\/v2\/users\/1"}],"replies":[{"embeddable":true,"href":"https:\/\/mav.leine-solling.de\/index.php?rest_route=%2Fwp%2Fv2%2Fcomments&post=4702"}],"version-history":[{"count":3,"href":"https:\/\/mav.leine-solling.de\/index.php?rest_route=\/wp\/v2\/posts\/4702\/revisions"}],"predecessor-version":[{"id":4704,"href":"https:\/\/mav.leine-solling.de\/index.php?rest_route=\/wp\/v2\/posts\/4702\/revisions\/4704"}],"wp:attachment":[{"href":"https:\/\/mav.leine-solling.de\/index.php?rest_route=%2Fwp%2Fv2%2Fmedia&parent=4702"}],"wp:term":[{"taxonomy":"category","embeddable":true,"href":"https:\/\/mav.leine-solling.de\/index.php?rest_route=%2Fwp%2Fv2%2Fcategories&post=4702"},{"taxonomy":"post_tag","embeddable":true,"href":"https:\/\/mav.leine-solling.de\/index.php?rest_route=%2Fwp%2Fv2%2Ftags&post=4702"}],"curies":[{"name":"wp","href":"https:\/\/api.w.org\/{rel}","templated":true}]}}