{"id":4604,"date":"2023-08-15T10:21:20","date_gmt":"2023-08-15T09:21:20","guid":{"rendered":"https:\/\/mav.leine-solling.de\/?p=4604"},"modified":"2023-08-15T10:21:20","modified_gmt":"2023-08-15T09:21:20","slug":"einfuehrungstage-fuer-neue-mitarbeitende-im-kita-verband","status":"publish","type":"post","link":"https:\/\/mav.leine-solling.de\/?p=4604","title":{"rendered":"Einf\u00fchrungstage f\u00fcr neue Mitarbeitende im Kita-Verband"},"content":{"rendered":"<p style=\"text-align: center;\">Der Ev.-luth. Kindertagesst\u00e4ttenverband Leine-Solling bietet f\u00fcr seine neuen Mitarbeitenden drei<br \/>\nEinf\u00fchrungstage an, begleitet werden diese von der Fachberaterin Sonja Ahrens und am ersten Tag<br \/>\nauch von Iris Weber (P\u00e4dagogische Leitung).<\/p>\n<p style=\"text-align: center;\">\nDer erste Tag stand unter dem Motto \u201eWillkommen\u201c! Es wurden kirchliche und verbandliche<br \/>\nStrukturen aufgezeigt und der eigene Bezug zur Kirche und dem Glauben hergestellt. Zudem stellte<br \/>\nAndrea Schirmer die Arbeit der Mitarbeitervertretung vor.<\/p>\n<p style=\"text-align: center;\">\nAm zweiten Tag ging es um das Beobachtungsverfahren der Bildungs- und Lerngeschichten, hierbei<br \/>\nwerden im Verband Spielsituationen \u00fcber Videosequenzen ausgewertet und dienen als Grundlage<br \/>\nf\u00fcr die p\u00e4dagogische Planung.<\/p>\n<p style=\"text-align: center;\">\nAm dritten Tag besch\u00e4ftigten sich die p\u00e4dagogischen Fachkr\u00e4fte mit dem Qualit\u00e4ts-Management-<br \/>\nSystem-Kindertagesst\u00e4tten\u00ae, welches f\u00fcr die evangelischen Tageseinrichtungen f\u00fcr Kinder entwickelt<br \/>\nund im <abbr class='c2c-text-hover' title='Kindertagesst\u00e4tte'>Kita<\/abbr>-Verband bereits im Jahr 2016 eingef\u00fchrt wurde.<\/p>\n<p style=\"text-align: center;\"><a href=\"https:\/\/mav.leine-solling.de\/wp-content\/uploads\/2023\/08\/PXL_20230802_075941246.MP3.jpg\"><img loading=\"lazy\" decoding=\"async\" class=\"aligncenter size-medium wp-image-4605\" src=\"https:\/\/mav.leine-solling.de\/wp-content\/uploads\/2023\/08\/PXL_20230802_075941246.MP3-289x300.jpg\" alt=\"\" width=\"289\" height=\"300\" srcset=\"https:\/\/mav.leine-solling.de\/wp-content\/uploads\/2023\/08\/PXL_20230802_075941246.MP3-289x300.jpg 289w, https:\/\/mav.leine-solling.de\/wp-content\/uploads\/2023\/08\/PXL_20230802_075941246.MP3-988x1024.jpg 988w, https:\/\/mav.leine-solling.de\/wp-content\/uploads\/2023\/08\/PXL_20230802_075941246.MP3-768x796.jpg 768w, https:\/\/mav.leine-solling.de\/wp-content\/uploads\/2023\/08\/PXL_20230802_075941246.MP3-600x622.jpg 600w, https:\/\/mav.leine-solling.de\/wp-content\/uploads\/2023\/08\/PXL_20230802_075941246.MP3-1482x1536.jpg 1482w, https:\/\/mav.leine-solling.de\/wp-content\/uploads\/2023\/08\/PXL_20230802_075941246.MP3-1320x1369.jpg 1320w, https:\/\/mav.leine-solling.de\/wp-content\/uploads\/2023\/08\/PXL_20230802_075941246.MP3.jpg 1741w\" sizes=\"auto, (max-width: 289px) 100vw, 289px\" \/><\/a><br \/>\nDie Fachkr\u00e4fte waren begeistert: \u201eEine richtig gute Einf\u00fchrung in den <abbr class='c2c-text-hover' title='Kindertagesst\u00e4tte'>Kita<\/abbr>-Verband mit wichtigen<br \/>\nThemen f\u00fcr die Praxis!\u201c<\/p>\n","protected":false},"excerpt":{"rendered":"<p>Der Ev.-luth. Kindertagesst\u00e4ttenverband Leine-Solling bietet f\u00fcr seine neuen Mitarbeitenden drei Einf\u00fchrungstage an, begleitet werden diese von der Fachberaterin Sonja Ahrens und am ersten Tag auch von Iris Weber (P\u00e4dagogische Leitung). Der erste Tag stand unter dem Motto \u201eWillkommen\u201c! Es wurden kirchliche und verbandliche Strukturen aufgezeigt und der eigene Bezug zur Kirche und dem Glauben hergestellt. [&hellip;]<\/p>\n","protected":false},"author":1,"featured_media":0,"comment_status":"closed","ping_status":"closed","sticky":false,"template":"","format":"standard","meta":{"footnotes":""},"categories":[1],"tags":[120],"class_list":["post-4604","post","type-post","status-publish","format-standard","hentry","category-informationen","tag-willkommenstag"],"_links":{"self":[{"href":"https:\/\/mav.leine-solling.de\/index.php?rest_route=\/wp\/v2\/posts\/4604","targetHints":{"allow":["GET"]}}],"collection":[{"href":"https:\/\/mav.leine-solling.de\/index.php?rest_route=\/wp\/v2\/posts"}],"about":[{"href":"https:\/\/mav.leine-solling.de\/index.php?rest_route=\/wp\/v2\/types\/post"}],"author":[{"embeddable":true,"href":"https:\/\/mav.leine-solling.de\/index.php?rest_route=\/wp\/v2\/users\/1"}],"replies":[{"embeddable":true,"href":"https:\/\/mav.leine-solling.de\/index.php?rest_route=%2Fwp%2Fv2%2Fcomments&post=4604"}],"version-history":[{"count":2,"href":"https:\/\/mav.leine-solling.de\/index.php?rest_route=\/wp\/v2\/posts\/4604\/revisions"}],"predecessor-version":[{"id":4607,"href":"https:\/\/mav.leine-solling.de\/index.php?rest_route=\/wp\/v2\/posts\/4604\/revisions\/4607"}],"wp:attachment":[{"href":"https:\/\/mav.leine-solling.de\/index.php?rest_route=%2Fwp%2Fv2%2Fmedia&parent=4604"}],"wp:term":[{"taxonomy":"category","embeddable":true,"href":"https:\/\/mav.leine-solling.de\/index.php?rest_route=%2Fwp%2Fv2%2Fcategories&post=4604"},{"taxonomy":"post_tag","embeddable":true,"href":"https:\/\/mav.leine-solling.de\/index.php?rest_route=%2Fwp%2Fv2%2Ftags&post=4604"}],"curies":[{"name":"wp","href":"https:\/\/api.w.org\/{rel}","templated":true}]}}