{"id":460,"date":"2009-05-29T11:41:38","date_gmt":"2009-05-29T10:41:38","guid":{"rendered":"http:\/\/mav.leine-solling.de\/neu\/?p=460"},"modified":"2009-06-02T10:07:35","modified_gmt":"2009-06-02T09:07:35","slug":"auch-wir-tragen-hoffentlich-rot","status":"publish","type":"post","link":"https:\/\/mav.leine-solling.de\/?p=460","title":{"rendered":"Auch wir tragen (hoffentlich) ROT"},"content":{"rendered":"<p><a href=\"https:\/\/mav.leine-solling.de\/neu\/wp-content\/uploads\/2009\/05\/comp_rote-klammer.jpg\"><img loading=\"lazy\" decoding=\"async\" class=\"aligncenter size-medium wp-image-472\" title=\"comp_rote-klammer\" src=\"https:\/\/mav.leine-solling.de\/neu\/wp-content\/uploads\/2009\/05\/comp_rote-klammer-300x200.jpg\" alt=\"comp_rote-klammer\" width=\"300\" height=\"200\" srcset=\"https:\/\/mav.leine-solling.de\/wp-content\/uploads\/2009\/05\/comp_rote-klammer-300x200.jpg 300w, https:\/\/mav.leine-solling.de\/wp-content\/uploads\/2009\/05\/comp_rote-klammer-1024x685.jpg 1024w\" sizes=\"auto, (max-width: 300px) 100vw, 300px\" \/><\/a><\/p>\n<p>Am 3. Juni fordert ver.di auf, Solidarit\u00e4t mit den streikenden Kolleginnen und Kollegen in den kommunalen Kitas und Erziehungseinrichtungen zu demonstrieren, in dem an diesem Tag Mitarbeitende in nicht zum Streik aufgerufenen Einrichtungen rote Kleidung tragen.<br \/>\nWir hoffen, dass sich auch viele  Mitarbeitende kirchlicher Einrichtungen zu diesem Zeichen der Solidarit\u00e4t anschlie\u00dfen k\u00f6nnen. Tragt rote Kleidung. Dokumentiert eure Solidarit\u00e4t \u2013 am besten auch noch mit einem Foto, per Mail an uns, wir leiten weiter. Hinweis: wer auf dem Foto zu sehen ist, muss damit einverstanden sein, dass sein Foto im Internet ver\u00f6ffentlicht wird<br \/>\n<strong>Worum geht es bei den Streiks?<\/strong><br \/>\n\u201ever.di fordert in den laufenden Tarifverhandlungen eine angemessene und bessere Bezahlung f\u00fcr die Erzieher\/innen und Sozialarbeiter\/innen.\u201c<br \/>\nUnd<br \/>\n\u201eUnabh\u00e4ngig von den Verhandlungen zur Eingruppierung gibt es au\u00dferdem die Forderung von ver.di nach Verhandlungen \u00fcber einen Tarifvertrag zur betrieblichen Gesundheitsf\u00f6rderung, der die nachhaltige Abschaffung krankmachender Arbeitsbedingungen zum Ziel hat. Damit sollen Gesundheitsschutz und Gesundheitsf\u00f6rderung in den Betrieben unter Ber\u00fccksichtigung alters-, berufsspezifischer und individueller Belastungen tarifiert werden. Angesichts der st\u00e4ndig wachsenden psychischen und physischen Belastungen ist dieser Tarifvertrag aus der Sicht von ver.di unabdingbar.\u201c<\/p>\n<p>Beide Zitate sind aus einem ver.di Flyer, der unter dem nachstehenden Link zu erreichen ist: <a href=\"http:\/\/www.chancen-foerdern.de\/w\/files\/material\/erzieherinnen_pk_05052009.pdf\" target=\"_blank\">hier klicken<\/a><\/p>\n<p><strong>Warum streiken wir nicht auch?<\/strong><\/p>\n<p>Kirchliche Mitarbeitende sind nicht zur Beteiligung an den Streikaktionen aufgefordert, da nur diejenigen zum Streik aufgerufen werden d\u00fcrfen, die von der angestrebten Tarifeinigung direkt betroffen sind. Derzeit laufen die Tarifverhandlungen nur im Bereich der kommunalen Arbeitgeber. Aber nat\u00fcrlich wird von einer Einigung in diesem Bereich eine Signalwirkung f\u00fcr alle Besch\u00e4ftigten ausgehen und man wird versuchen, die dort errungenen Besitzst\u00e4nde auch in anderen Tarifsystemen durchzusetzen.<br \/>\nDass im kirchlichen Bereich zur Zeit nicht gestreikt werden darf, hei\u00dft aber nat\u00fcrlich nicht, dass sich kirchliche Mitarbeitende raushalten d\u00fcrfen. Die Arbeitsbedingungen in kirchlichen Kitas sind keinesfalls weniger gesundheitssch\u00e4dlich, und das kirchliche Tarifsystem w\u00fcrdigt die Leistungen  der Mitarbeitenden im Erziehungsdienst genauso wenig, wie das kommunale.<br \/>\nDarum: Tragt (zumindest) einmal rot! Informationen, wie man sich noch weiter engagieren kann, findet man unter<br \/>\n<a href=\"http:\/\/www.chancen-foerdern.de\" target=\"_blank\">http:\/\/www.chancen-foerdern.de\/<\/a><\/p>\n","protected":false},"excerpt":{"rendered":"<p>Am 3. Juni fordert ver.di auf, Solidarit\u00e4t mit den streikenden Kolleginnen und Kollegen in den kommunalen Kitas und Erziehungseinrichtungen zu demonstrieren, in dem an diesem Tag Mitarbeitende in nicht zum Streik aufgerufenen Einrichtungen rote Kleidung tragen. Wir hoffen, dass sich auch viele Mitarbeitende kirchlicher Einrichtungen zu diesem Zeichen der Solidarit\u00e4t anschlie\u00dfen k\u00f6nnen. Tragt rote Kleidung. [&hellip;]<\/p>\n","protected":false},"author":1,"featured_media":0,"comment_status":"open","ping_status":"closed","sticky":false,"template":"","format":"standard","meta":{"footnotes":""},"categories":[1],"tags":[],"class_list":["post-460","post","type-post","status-publish","format-standard","hentry","category-informationen"],"_links":{"self":[{"href":"https:\/\/mav.leine-solling.de\/index.php?rest_route=\/wp\/v2\/posts\/460","targetHints":{"allow":["GET"]}}],"collection":[{"href":"https:\/\/mav.leine-solling.de\/index.php?rest_route=\/wp\/v2\/posts"}],"about":[{"href":"https:\/\/mav.leine-solling.de\/index.php?rest_route=\/wp\/v2\/types\/post"}],"author":[{"embeddable":true,"href":"https:\/\/mav.leine-solling.de\/index.php?rest_route=\/wp\/v2\/users\/1"}],"replies":[{"embeddable":true,"href":"https:\/\/mav.leine-solling.de\/index.php?rest_route=%2Fwp%2Fv2%2Fcomments&post=460"}],"version-history":[{"count":13,"href":"https:\/\/mav.leine-solling.de\/index.php?rest_route=\/wp\/v2\/posts\/460\/revisions"}],"predecessor-version":[{"id":466,"href":"https:\/\/mav.leine-solling.de\/index.php?rest_route=\/wp\/v2\/posts\/460\/revisions\/466"}],"wp:attachment":[{"href":"https:\/\/mav.leine-solling.de\/index.php?rest_route=%2Fwp%2Fv2%2Fmedia&parent=460"}],"wp:term":[{"taxonomy":"category","embeddable":true,"href":"https:\/\/mav.leine-solling.de\/index.php?rest_route=%2Fwp%2Fv2%2Fcategories&post=460"},{"taxonomy":"post_tag","embeddable":true,"href":"https:\/\/mav.leine-solling.de\/index.php?rest_route=%2Fwp%2Fv2%2Ftags&post=460"}],"curies":[{"name":"wp","href":"https:\/\/api.w.org\/{rel}","templated":true}]}}