{"id":4578,"date":"2023-06-22T09:56:28","date_gmt":"2023-06-22T08:56:28","guid":{"rendered":"https:\/\/mav.leine-solling.de\/?p=4578"},"modified":"2023-06-26T08:37:27","modified_gmt":"2023-06-26T07:37:27","slug":"inflationsausgleichsgeld-im-sozial-und-erziehungsdienst-kommt","status":"publish","type":"post","link":"https:\/\/mav.leine-solling.de\/?p=4578","title":{"rendered":"Inflationsausgleichsgeld im Sozial- und Erziehungsdienst kommt"},"content":{"rendered":"<p style=\"text-align: center;\">Wie der <a href=\"https:\/\/www.vkm-hannover.de\/\" target=\"_blank\" rel=\"noopener\">VKM<\/a> auf seiner Homepage berichtet, wurde die Auszahlung des Inflationsausgleichsgeldes <strong>f\u00fcr die Mitarbeitenden im Sozial- und Erziehungsdienst<\/strong> in der letzten <abbr class='c2c-text-hover' title='Arbeits- und Dienstrechtliche Kommission'>ADK<\/abbr>-Sitzung beschlossen.<\/p>\n<p style=\"text-align: center;\">N\u00e4here Infos in der aktuellen <a href=\"https:\/\/mav.leine-solling.de\/wp-content\/uploads\/2023\/06\/2023_1_ADK-Info.pdf\"><abbr class='c2c-text-hover' title='Arbeits- und Dienstrechtliche Kommission'>ADK<\/abbr>-Info.<\/a><\/p>\n<p style=\"text-align: center;\"><strong>ACHTUNG:<\/strong> Diese Informationen gelten nur f\u00fcr Besch\u00e4ftigte im Sozial- und Erziehungsdienst. Alle anderen Mitarbeitenden m\u00fcssen sich gedulden. Deren Geh\u00e4lter richten sich nach dem <abbr class='c2c-text-hover' title='Tarifvertrag der L\u00e4nder'>TV-L<\/abbr> und dieser wird erst im Herbst 2023 neu verhandelt.<\/p>\n","protected":false},"excerpt":{"rendered":"<p>Wie der VKM auf seiner Homepage berichtet, wurde die Auszahlung des Inflationsausgleichsgeldes f\u00fcr die Mitarbeitenden im Sozial- und Erziehungsdienst in der letzten <abbr class='c2c-text-hover' title='Arbeits- und Dienstrechtliche Kommission'>ADK<\/abbr>-Sitzung beschlossen. N\u00e4here Infos in der aktuellen <abbr class='c2c-text-hover' title='Arbeits- und Dienstrechtliche Kommission'>ADK<\/abbr>-Info. ACHTUNG: Diese Informationen gelten nur f\u00fcr Besch\u00e4ftigte im Sozial- und Erziehungsdienst. Alle anderen Mitarbeitenden m\u00fcssen sich gedulden. Deren Geh\u00e4lter richten sich nach dem <abbr class='c2c-text-hover' title='Tarifvertrag der L\u00e4nder'>TV-L<\/abbr> und [&hellip;]<\/p>\n","protected":false},"author":1,"featured_media":0,"comment_status":"closed","ping_status":"closed","sticky":false,"template":"","format":"standard","meta":{"footnotes":""},"categories":[1],"tags":[],"class_list":["post-4578","post","type-post","status-publish","format-standard","hentry","category-informationen"],"_links":{"self":[{"href":"https:\/\/mav.leine-solling.de\/index.php?rest_route=\/wp\/v2\/posts\/4578","targetHints":{"allow":["GET"]}}],"collection":[{"href":"https:\/\/mav.leine-solling.de\/index.php?rest_route=\/wp\/v2\/posts"}],"about":[{"href":"https:\/\/mav.leine-solling.de\/index.php?rest_route=\/wp\/v2\/types\/post"}],"author":[{"embeddable":true,"href":"https:\/\/mav.leine-solling.de\/index.php?rest_route=\/wp\/v2\/users\/1"}],"replies":[{"embeddable":true,"href":"https:\/\/mav.leine-solling.de\/index.php?rest_route=%2Fwp%2Fv2%2Fcomments&post=4578"}],"version-history":[{"count":4,"href":"https:\/\/mav.leine-solling.de\/index.php?rest_route=\/wp\/v2\/posts\/4578\/revisions"}],"predecessor-version":[{"id":4584,"href":"https:\/\/mav.leine-solling.de\/index.php?rest_route=\/wp\/v2\/posts\/4578\/revisions\/4584"}],"wp:attachment":[{"href":"https:\/\/mav.leine-solling.de\/index.php?rest_route=%2Fwp%2Fv2%2Fmedia&parent=4578"}],"wp:term":[{"taxonomy":"category","embeddable":true,"href":"https:\/\/mav.leine-solling.de\/index.php?rest_route=%2Fwp%2Fv2%2Fcategories&post=4578"},{"taxonomy":"post_tag","embeddable":true,"href":"https:\/\/mav.leine-solling.de\/index.php?rest_route=%2Fwp%2Fv2%2Ftags&post=4578"}],"curies":[{"name":"wp","href":"https:\/\/api.w.org\/{rel}","templated":true}]}}