{"id":4408,"date":"2022-08-11T09:38:53","date_gmt":"2022-08-11T08:38:53","guid":{"rendered":"https:\/\/mav.leine-solling.de\/?p=4408"},"modified":"2022-08-11T09:38:53","modified_gmt":"2022-08-11T08:38:53","slug":"einfuehrungstage-fuer-neue-mitarbeitende-im-kitaverband-leine-solling","status":"publish","type":"post","link":"https:\/\/mav.leine-solling.de\/?p=4408","title":{"rendered":"Einf\u00fchrungstage f\u00fcr neue Mitarbeitende im Kitaverband Leine-Solling"},"content":{"rendered":"<p>F\u00fcr die meisten neuen Mitarbeitenden ist es die erste Arbeitsstelle nach der Ausbildung in einem p\u00e4dagogischen Beruf, andere wechseln den Arbeitgeber und bringen bereits Berufserfahrung mit. Insgesamt 18 Fachkr\u00e4fte wurden an drei Tagen bei ihrem neuen Arbeitgeber, dem Kitaverband Leine-Solling, willkommen gehei\u00dfen und auf den Start in den<br \/>\nKindertagesst\u00e4tten vorbereitet.\u00a0<a href=\"https:\/\/mav.leine-solling.de\/wp-content\/uploads\/2022\/08\/Bild-Willkommenstag-2022-1-scaled.jpg\"><img loading=\"lazy\" decoding=\"async\" class=\"size-medium wp-image-4409 aligncenter\" src=\"https:\/\/mav.leine-solling.de\/wp-content\/uploads\/2022\/08\/Bild-Willkommenstag-2022-1-300x226.jpg\" alt=\"\" width=\"300\" height=\"226\" srcset=\"https:\/\/mav.leine-solling.de\/wp-content\/uploads\/2022\/08\/Bild-Willkommenstag-2022-1-300x226.jpg 300w, https:\/\/mav.leine-solling.de\/wp-content\/uploads\/2022\/08\/Bild-Willkommenstag-2022-1-1024x771.jpg 1024w, https:\/\/mav.leine-solling.de\/wp-content\/uploads\/2022\/08\/Bild-Willkommenstag-2022-1-768x578.jpg 768w, https:\/\/mav.leine-solling.de\/wp-content\/uploads\/2022\/08\/Bild-Willkommenstag-2022-1-600x452.jpg 600w, https:\/\/mav.leine-solling.de\/wp-content\/uploads\/2022\/08\/Bild-Willkommenstag-2022-1-1536x1157.jpg 1536w, https:\/\/mav.leine-solling.de\/wp-content\/uploads\/2022\/08\/Bild-Willkommenstag-2022-1-2048x1542.jpg 2048w, https:\/\/mav.leine-solling.de\/wp-content\/uploads\/2022\/08\/Bild-Willkommenstag-2022-1-1320x994.jpg 1320w\" sizes=\"auto, (max-width: 300px) 100vw, 300px\" \/><\/a><\/p>\n<p>Am \u201eWillkommenstag\u201c wurden sie von der P\u00e4dagogischen Leitung Iris Weber und der Fachberaterin Sonja Ahrens in die kirchlichen Strukturen eingef\u00fchrt. Es wurden Fragen nachgegangen, wie: \u201eWozu ist Kirche da?\u201c, \u201eWie sind die kirchlichen Strukturen und der evangelische Kitaverband aufgebaut\u201c und \u201eWie ist eigentlich mein<br \/>\npers\u00f6nliches Verh\u00e4ltnis zur Kirche und zum Glauben?\u201c.<\/p>\n<p>Andrea Schirmer und G\u00fcnter St\u00f6fer von der Mitarbeitervertretung f\u00fcr den Kirchenkreis Leine-Solling waren am ersten Tag dabei und konnten den neuen Mitarbeiterinnen und Mitarbeitern die Arbeit der <abbr class='c2c-text-hover' title='Mitarbeitervertretung'>MAV<\/abbr> vorstellen.<\/p>\n","protected":false},"excerpt":{"rendered":"<p>F\u00fcr die meisten neuen Mitarbeitenden ist es die erste Arbeitsstelle nach der Ausbildung in einem p\u00e4dagogischen Beruf, andere wechseln den Arbeitgeber und bringen bereits Berufserfahrung mit. Insgesamt 18 Fachkr\u00e4fte wurden an drei Tagen bei ihrem neuen Arbeitgeber, dem Kitaverband Leine-Solling, willkommen gehei\u00dfen und auf den Start in den Kindertagesst\u00e4tten vorbereitet.\u00a0 Am \u201eWillkommenstag\u201c wurden sie von [&hellip;]<\/p>\n","protected":false},"author":1,"featured_media":0,"comment_status":"closed","ping_status":"closed","sticky":false,"template":"","format":"standard","meta":{"footnotes":""},"categories":[1],"tags":[],"class_list":["post-4408","post","type-post","status-publish","format-standard","hentry","category-informationen"],"_links":{"self":[{"href":"https:\/\/mav.leine-solling.de\/index.php?rest_route=\/wp\/v2\/posts\/4408","targetHints":{"allow":["GET"]}}],"collection":[{"href":"https:\/\/mav.leine-solling.de\/index.php?rest_route=\/wp\/v2\/posts"}],"about":[{"href":"https:\/\/mav.leine-solling.de\/index.php?rest_route=\/wp\/v2\/types\/post"}],"author":[{"embeddable":true,"href":"https:\/\/mav.leine-solling.de\/index.php?rest_route=\/wp\/v2\/users\/1"}],"replies":[{"embeddable":true,"href":"https:\/\/mav.leine-solling.de\/index.php?rest_route=%2Fwp%2Fv2%2Fcomments&post=4408"}],"version-history":[{"count":5,"href":"https:\/\/mav.leine-solling.de\/index.php?rest_route=\/wp\/v2\/posts\/4408\/revisions"}],"predecessor-version":[{"id":4414,"href":"https:\/\/mav.leine-solling.de\/index.php?rest_route=\/wp\/v2\/posts\/4408\/revisions\/4414"}],"wp:attachment":[{"href":"https:\/\/mav.leine-solling.de\/index.php?rest_route=%2Fwp%2Fv2%2Fmedia&parent=4408"}],"wp:term":[{"taxonomy":"category","embeddable":true,"href":"https:\/\/mav.leine-solling.de\/index.php?rest_route=%2Fwp%2Fv2%2Fcategories&post=4408"},{"taxonomy":"post_tag","embeddable":true,"href":"https:\/\/mav.leine-solling.de\/index.php?rest_route=%2Fwp%2Fv2%2Ftags&post=4408"}],"curies":[{"name":"wp","href":"https:\/\/api.w.org\/{rel}","templated":true}]}}