{"id":4239,"date":"2022-02-01T10:28:14","date_gmt":"2022-02-01T09:28:14","guid":{"rendered":"https:\/\/mav.leine-solling.de\/?p=4239"},"modified":"2022-02-02T11:43:13","modified_gmt":"2022-02-02T10:43:13","slug":"corona-sonderzahlung-fuer-tv-l-mitarbeitende","status":"publish","type":"post","link":"https:\/\/mav.leine-solling.de\/?p=4239","title":{"rendered":"Corona-Sonderzahlung f\u00fcr TV-L-Mitarbeitende"},"content":{"rendered":"<p>F\u00fcr den \u00f6ffentlichen Dienst (<abbr class='c2c-text-hover' title='Tarifvertrag der L\u00e4nder'>TV-L<\/abbr>) der L\u00e4nder ist am 29. November ein Abschluss erreicht worden (wir berichteten <a href=\"https:\/\/mav.leine-solling.de\/?p=4201\" target=\"_blank\" rel=\"noopener\">hier<\/a>), der auch f\u00fcr die Kirchen von Bedeutung ist.<\/p>\n<p>In der <abbr class='c2c-text-hover' title='Arbeits- und Dienstrechtliche Kommission'>ADK<\/abbr> musste dazu ein \u00dcbernahme-Beschluss gefasst werden.<\/p>\n<p>Die Corona-Sonderzahlung von 1300 \u20ac (Vollzeitkr\u00e4fte) bzw. 650 \u20ac (Auszubildende und Praktikant*innen) f\u00fcr Mitarbeitende die unter den Geltungsbereich der Arbeitsrechtsregelungen des <abbr class='c2c-text-hover' title='Tarifvertrag der L\u00e4nder'>TV-L<\/abbr> fallen *,\u00a0 ist am <strong>24. Januar 2022<\/strong> in der <abbr class='c2c-text-hover' title='Arbeits- und Dienstrechtliche Kommission'>ADK<\/abbr>-Sondersitzung beschlossen worden. Teilzeitbesch\u00e4ftigte erhalten die Sonderzahlung anteilig.<\/p>\n<p>Mitarbeitende, die die Anspruchsvoraussetzungen erf\u00fcllen, erhalten die einmalige Sonderzahlung mit dem Entgelt f\u00fcr den Monat M\u00e4rz 2022 ausgezahlt (\u00a7 2 Absatz 1 ARR-Corona-Sonderzahlung 2022). Die einmalige Sonderzahlung ist bei der Bemessung sonstiger Leistungen nicht zu ber\u00fccksichtigen (\u00a7 2 Absatz 3 ARR-Corona-Sonderzahlung 2022).<\/p>\n<p>Sie ist daher z. B. kein \u201eEntgeltbestandteil\u201c im Sinne des \u00a7 21 <abbr class='c2c-text-hover' title='Tarifvertrag der L\u00e4nder'>TV-L<\/abbr>.<\/p>\n<p>Diese Arbeitsrechtsregelung <strong>gilt ausdr\u00fccklich nicht<\/strong> f\u00fcr die Mitarbeitenden, f\u00fcr die der sog. &#8222;SuE-Tarif des TV\u00f6D-V Anwendung findet.<\/p>\n<p>Genaue Informationen finden sich in den Hinweisen des Landeskirchenamtes vom 28.01.2022 die hier zum Download bereit stehen:<\/p>\n<p><a href=\"https:\/\/mav.leine-solling.de\/wp-content\/uploads\/2022\/02\/2022-01-28_Durchfuehrungshinweise_zur-ARR_Corona-Sonderzahlung-2022.pdf\">Hinweise Corona-Sonderzahlung<\/a><\/p>\n<p><strong>* Mitarbeitende die unter den Geltungsbereich der Arbeitsrechtsregelungen des <abbr class='c2c-text-hover' title='Tarifvertrag der L\u00e4nder'>TV-L<\/abbr> fallen sind <abbr class='c2c-text-hover' title='zum Beispiel'>z.B.<\/abbr>:<\/strong> Reinigungskr\u00e4fte, Kirchenmusiker*innen, Pfarrsekret\u00e4rinnen, Mitarbeitende im hauswirtschaftlichen Bereich, K\u00f6chinnen, Verwaltungsangestellte, K\u00fcster*innen, Friedhofsw\u00e4rter*innen, Hausmeister*innen usw.<\/p>\n","protected":false},"excerpt":{"rendered":"<p>F\u00fcr den \u00f6ffentlichen Dienst (<abbr class='c2c-text-hover' title='Tarifvertrag der L\u00e4nder'>TV-L<\/abbr>) der L\u00e4nder ist am 29. November ein Abschluss erreicht worden (wir berichteten hier), der auch f\u00fcr die Kirchen von Bedeutung ist. In der <abbr class='c2c-text-hover' title='Arbeits- und Dienstrechtliche Kommission'>ADK<\/abbr> musste dazu ein \u00dcbernahme-Beschluss gefasst werden. Die Corona-Sonderzahlung von 1300 \u20ac (Vollzeitkr\u00e4fte) bzw. 650 \u20ac (Auszubildende und Praktikant*innen) f\u00fcr Mitarbeitende die unter den Geltungsbereich der Arbeitsrechtsregelungen [&hellip;]<\/p>\n","protected":false},"author":1,"featured_media":0,"comment_status":"closed","ping_status":"closed","sticky":false,"template":"","format":"standard","meta":{"footnotes":""},"categories":[1],"tags":[],"class_list":["post-4239","post","type-post","status-publish","format-standard","hentry","category-informationen"],"_links":{"self":[{"href":"https:\/\/mav.leine-solling.de\/index.php?rest_route=\/wp\/v2\/posts\/4239","targetHints":{"allow":["GET"]}}],"collection":[{"href":"https:\/\/mav.leine-solling.de\/index.php?rest_route=\/wp\/v2\/posts"}],"about":[{"href":"https:\/\/mav.leine-solling.de\/index.php?rest_route=\/wp\/v2\/types\/post"}],"author":[{"embeddable":true,"href":"https:\/\/mav.leine-solling.de\/index.php?rest_route=\/wp\/v2\/users\/1"}],"replies":[{"embeddable":true,"href":"https:\/\/mav.leine-solling.de\/index.php?rest_route=%2Fwp%2Fv2%2Fcomments&post=4239"}],"version-history":[{"count":4,"href":"https:\/\/mav.leine-solling.de\/index.php?rest_route=\/wp\/v2\/posts\/4239\/revisions"}],"predecessor-version":[{"id":4245,"href":"https:\/\/mav.leine-solling.de\/index.php?rest_route=\/wp\/v2\/posts\/4239\/revisions\/4245"}],"wp:attachment":[{"href":"https:\/\/mav.leine-solling.de\/index.php?rest_route=%2Fwp%2Fv2%2Fmedia&parent=4239"}],"wp:term":[{"taxonomy":"category","embeddable":true,"href":"https:\/\/mav.leine-solling.de\/index.php?rest_route=%2Fwp%2Fv2%2Fcategories&post=4239"},{"taxonomy":"post_tag","embeddable":true,"href":"https:\/\/mav.leine-solling.de\/index.php?rest_route=%2Fwp%2Fv2%2Ftags&post=4239"}],"curies":[{"name":"wp","href":"https:\/\/api.w.org\/{rel}","templated":true}]}}