{"id":4201,"date":"2021-12-09T11:17:07","date_gmt":"2021-12-09T10:17:07","guid":{"rendered":"https:\/\/mav.leine-solling.de\/?p=4201"},"modified":"2021-12-09T11:17:07","modified_gmt":"2021-12-09T10:17:07","slug":"tarifergebnis-tv-l","status":"publish","type":"post","link":"https:\/\/mav.leine-solling.de\/?p=4201","title":{"rendered":"Tarifergebnis TV-L"},"content":{"rendered":"<p style=\"text-align: center;\">Am 29.11.2021 wurde nach schwierigen Verhandlungen ein Ergebnis im Tarifkonflikt f\u00fcr die Besch\u00e4ftigten der L\u00e4nder erzielt. Die Ergebnisse sind hier nachzulesen:<\/p>\n<p style=\"text-align: center;\"><a href=\"https:\/\/mav.leine-solling.de\/wp-content\/uploads\/2021\/12\/Flugblatt-Verdi.pdf\">Flugblatt-Verdi<\/a><\/p>\n<p style=\"text-align: center;\">Weitere Infromationen auch auf der Internetseite der <abbr class='c2c-text-hover' title='Mitarbeitervertretung'>MAV<\/abbr>-G\u00f6ttingen<\/p>\n<p style=\"text-align: center;\"><a href=\"https:\/\/www.mav-goettingen.de\/\" target=\"_blank\" rel=\"noopener\"><abbr class='c2c-text-hover' title='Mitarbeitervertretung'>MAV<\/abbr> G\u00f6ttingen<\/a><\/p>\n<p style=\"text-align: center;\">\n<p style=\"text-align: center;\">Bleibt zu hoffen, dass dieses Ergebnis zeitnah in der <abbr class='c2c-text-hover' title='Arbeits- und Dienstrechtliche Kommission'>ADK<\/abbr> f\u00fcr die <strong><abbr class='c2c-text-hover' title='Tarifvertrag der L\u00e4nder'>TV-L<\/abbr>-Besch\u00e4ftigten<\/strong> (nicht f\u00fcr die Besch\u00e4ftigten im Sozial- und Erziehungsdienst) \u00fcbernommen wird.<\/p>\n","protected":false},"excerpt":{"rendered":"<p>Am 29.11.2021 wurde nach schwierigen Verhandlungen ein Ergebnis im Tarifkonflikt f\u00fcr die Besch\u00e4ftigten der L\u00e4nder erzielt. Die Ergebnisse sind hier nachzulesen: Flugblatt-Verdi Weitere Infromationen auch auf der Internetseite der <abbr class='c2c-text-hover' title='Mitarbeitervertretung'>MAV<\/abbr>-G\u00f6ttingen <abbr class='c2c-text-hover' title='Mitarbeitervertretung'>MAV<\/abbr> G\u00f6ttingen Bleibt zu hoffen, dass dieses Ergebnis zeitnah in der <abbr class='c2c-text-hover' title='Arbeits- und Dienstrechtliche Kommission'>ADK<\/abbr> f\u00fcr die <abbr class='c2c-text-hover' title='Tarifvertrag der L\u00e4nder'>TV-L<\/abbr>-Besch\u00e4ftigten (nicht f\u00fcr die Besch\u00e4ftigten im Sozial- und Erziehungsdienst) \u00fcbernommen wird.<\/p>\n","protected":false},"author":1,"featured_media":0,"comment_status":"closed","ping_status":"closed","sticky":false,"template":"","format":"standard","meta":{"footnotes":""},"categories":[1],"tags":[],"class_list":["post-4201","post","type-post","status-publish","format-standard","hentry","category-informationen"],"_links":{"self":[{"href":"https:\/\/mav.leine-solling.de\/index.php?rest_route=\/wp\/v2\/posts\/4201","targetHints":{"allow":["GET"]}}],"collection":[{"href":"https:\/\/mav.leine-solling.de\/index.php?rest_route=\/wp\/v2\/posts"}],"about":[{"href":"https:\/\/mav.leine-solling.de\/index.php?rest_route=\/wp\/v2\/types\/post"}],"author":[{"embeddable":true,"href":"https:\/\/mav.leine-solling.de\/index.php?rest_route=\/wp\/v2\/users\/1"}],"replies":[{"embeddable":true,"href":"https:\/\/mav.leine-solling.de\/index.php?rest_route=%2Fwp%2Fv2%2Fcomments&post=4201"}],"version-history":[{"count":2,"href":"https:\/\/mav.leine-solling.de\/index.php?rest_route=\/wp\/v2\/posts\/4201\/revisions"}],"predecessor-version":[{"id":4204,"href":"https:\/\/mav.leine-solling.de\/index.php?rest_route=\/wp\/v2\/posts\/4201\/revisions\/4204"}],"wp:attachment":[{"href":"https:\/\/mav.leine-solling.de\/index.php?rest_route=%2Fwp%2Fv2%2Fmedia&parent=4201"}],"wp:term":[{"taxonomy":"category","embeddable":true,"href":"https:\/\/mav.leine-solling.de\/index.php?rest_route=%2Fwp%2Fv2%2Fcategories&post=4201"},{"taxonomy":"post_tag","embeddable":true,"href":"https:\/\/mav.leine-solling.de\/index.php?rest_route=%2Fwp%2Fv2%2Ftags&post=4201"}],"curies":[{"name":"wp","href":"https:\/\/api.w.org\/{rel}","templated":true}]}}