{"id":3844,"date":"2020-12-11T11:59:00","date_gmt":"2020-12-11T10:59:00","guid":{"rendered":"http:\/\/mav.leine-solling.de\/?p=3844"},"modified":"2020-12-11T11:59:00","modified_gmt":"2020-12-11T10:59:00","slug":"einmalige-corona-sonderzahlung-fuer-mitarbeitende-im-sozial-und-erziehungsdienst","status":"publish","type":"post","link":"https:\/\/mav.leine-solling.de\/?p=3844","title":{"rendered":"Einmalige Corona-Sonderzahlung f\u00fcr Mitarbeitende im Sozial- und Erziehungsdienst"},"content":{"rendered":"<p>Der Gesamtausschuss der Mitarbeitervertretungen teilt mit:<\/p>\n<p>&#8222;im Bereich des TV\u00f6D ist vor kurzem ein Tarifabschluss erzielt worden. Die Entgelttabellen des TV\u00f6D finden im kirchlichen Bereich im <strong>Sozial- und Erziehungsdienst<\/strong> Anwendung. Allerdings muss der Tarifabschluss erst durch die Arbeits- und Dienstrechtliche Kommission \u00fcbernommen werden. Im Rahmen des Tarifabschlusses wurde auch eine Corona-Sonderzahlung vereinbart. Diese muss noch in diesem Jahr ausgezahlt werden, damit sie steuer- und sozialabgabenfrei bleibt. Die Arbeitgeber- und Arbeitnehmerseite in der Arbeits- und Dienstrechtlichen Kommission haben sich daher schon vor der n\u00e4chsten Sitzung der <abbr class='c2c-text-hover' title='Arbeits- und Dienstrechtliche Kommission'>ADK<\/abbr> darauf verst\u00e4ndigt, dass die Corona-Sonderzahlung noch in diesem Jahr mit dem Dezemberentgelt ausgezahlt werden soll.&#8220;<\/p>\n<p>Die Sonderzahlung ist nach den Entgeltgruppen gestaffelt (S2 bis S8b:\u00a0 <strong>600 Euro<\/strong>; S9 bis S18: <strong>400 Euro<\/strong>. Teilzeitbesch\u00e4ftigte erhalten entsprechend ihrer Arbeitszeit einen anteiligen Betrag.) Voraussetzung ist, dass das Arbeitsverh\u00e4ltnis am 01.10.2020 bestand und mindestens f\u00fcr einen Tag zwischen dem 01.03.2020 und dem 31.10.2020 Anspruch auf Entgelt bestanden hat.<\/p>\n<p>&nbsp;<\/p>\n","protected":false},"excerpt":{"rendered":"<p>Der Gesamtausschuss der Mitarbeitervertretungen teilt mit: &#8222;im Bereich des TV\u00f6D ist vor kurzem ein Tarifabschluss erzielt worden. Die Entgelttabellen des TV\u00f6D finden im kirchlichen Bereich im Sozial- und Erziehungsdienst Anwendung. Allerdings muss der Tarifabschluss erst durch die Arbeits- und Dienstrechtliche Kommission \u00fcbernommen werden. Im Rahmen des Tarifabschlusses wurde auch eine Corona-Sonderzahlung vereinbart. Diese muss noch [&hellip;]<\/p>\n","protected":false},"author":1,"featured_media":0,"comment_status":"closed","ping_status":"closed","sticky":false,"template":"","format":"standard","meta":{"footnotes":""},"categories":[1],"tags":[115,30,100,109],"class_list":["post-3844","post","type-post","status-publish","format-standard","hentry","category-informationen","tag-corona","tag-sonderzahlung","tag-sozial-und-erziehungsdienst","tag-tvoed"],"_links":{"self":[{"href":"https:\/\/mav.leine-solling.de\/index.php?rest_route=\/wp\/v2\/posts\/3844","targetHints":{"allow":["GET"]}}],"collection":[{"href":"https:\/\/mav.leine-solling.de\/index.php?rest_route=\/wp\/v2\/posts"}],"about":[{"href":"https:\/\/mav.leine-solling.de\/index.php?rest_route=\/wp\/v2\/types\/post"}],"author":[{"embeddable":true,"href":"https:\/\/mav.leine-solling.de\/index.php?rest_route=\/wp\/v2\/users\/1"}],"replies":[{"embeddable":true,"href":"https:\/\/mav.leine-solling.de\/index.php?rest_route=%2Fwp%2Fv2%2Fcomments&post=3844"}],"version-history":[{"count":2,"href":"https:\/\/mav.leine-solling.de\/index.php?rest_route=\/wp\/v2\/posts\/3844\/revisions"}],"predecessor-version":[{"id":4109,"href":"https:\/\/mav.leine-solling.de\/index.php?rest_route=\/wp\/v2\/posts\/3844\/revisions\/4109"}],"wp:attachment":[{"href":"https:\/\/mav.leine-solling.de\/index.php?rest_route=%2Fwp%2Fv2%2Fmedia&parent=3844"}],"wp:term":[{"taxonomy":"category","embeddable":true,"href":"https:\/\/mav.leine-solling.de\/index.php?rest_route=%2Fwp%2Fv2%2Fcategories&post=3844"},{"taxonomy":"post_tag","embeddable":true,"href":"https:\/\/mav.leine-solling.de\/index.php?rest_route=%2Fwp%2Fv2%2Ftags&post=3844"}],"curies":[{"name":"wp","href":"https:\/\/api.w.org\/{rel}","templated":true}]}}