{"id":3756,"date":"2020-09-07T09:21:24","date_gmt":"2020-09-07T08:21:24","guid":{"rendered":"http:\/\/mav.leine-solling.de\/?p=3756"},"modified":"2020-09-08T08:16:59","modified_gmt":"2020-09-08T07:16:59","slug":"gefaehrdungsbeurteilung-im-kirchenkreis-leine-solling","status":"publish","type":"post","link":"https:\/\/mav.leine-solling.de\/?p=3756","title":{"rendered":"Gef\u00e4hrdungsbeurteilung im Kirchenkreis Leine-Solling"},"content":{"rendered":"<p>Liebe Kolleginnen und Kollegen.<\/p>\n<p>In der Vergangenheit sind u.a. von der Landeskirche, vom Kirchenkreis und vom Arbeitsschutzausschuss des Kirchenkreises diverse Informationen zur Gef\u00e4hrdungsbeurteilung an die Anstellungstr\u00e4ger verschickt worden. Ein Workshop der <abbr class='c2c-text-hover' title='Evangelische Fachstelle f\u00fcr Arbeitssicherheit'>EFAS<\/abbr> zum Thema hat auch bereits stattgefunden. Irgendwie hat jede und jeder schon einmal von der Gef\u00e4hrdungsbeurteilung geh\u00f6rt aber in manchen Bereichen scheint es noch etliche Defizite zu geben.<\/p>\n<p>Was ist denn nun eine Gef\u00e4hrdungsbeurteilung? Ganz einfach ausgedr\u00fcckt: Der Arbeitgeber schaut sich, gerne auch mit dem Mitarbeitenden zusammen, den Arbeitsplatz an und versucht festzustellen, welche eventuellen Gefahren existieren. Oder gibt es an diesem oder jenem Arbeitsplatz besondere Belastungen? Sollten sich Gef\u00e4hrdungen zeigen, versucht man gemeinsam herauszufinden, wie diese beseitigt bzw. vermieden werden. Das k\u00f6nnten beispielsweise sein:<\/p>\n<ul>\n<li>technische L\u00f6sungen (<abbr class='c2c-text-hover' title='zum Beispiel'>z.B.<\/abbr> Arbeitsger\u00e4te verwenden, die keine Gef\u00e4hrdung verursachen)<\/li>\n<li>organisatorische Ma\u00dfnahmen (<abbr class='c2c-text-hover' title='zum Beispiel'>z.B.<\/abbr> Beschr\u00e4nkung der Dauer von belastenden Arbeiten)<\/li>\n<li>pers\u00f6nliche Schutzma\u00dfnahmen (<abbr class='c2c-text-hover' title='zum Beispiel'>z.B.<\/abbr> Schutzausr\u00fcstungen)<\/li>\n<\/ul>\n<p>Danach sollte festgelegt werden, wer f\u00fcr die Umsetzung der erforderlichen Ma\u00dfnahmen zust\u00e4ndig ist. Zudem sollte ein Termin zur \u00dcberpr\u00fcfung der Wirksamkeit der Ma\u00dfnahmen festgelegt werden. Diese wenigen Punkte werden schriftlich festgehalten und von Arbeitgeber und Mitarbeitenden unterschrieben. Eigentlich doch gar nicht so schwierig. Ein entsprechendes Formular hat der Kirchenkreis erstellt und steht hier zum Download bereit:<\/p>\n<p><a href=\"https:\/\/mav.leine-solling.de\/wp-content\/uploads\/2020\/09\/Formular-Gefaehrdung.pdf\">Formular Gef\u00e4hrdungsbeurteilung<\/a><\/p>\n<p>\u00dcbrigens: Sollte der Arbeitgeber f\u00fcr euren Arbeitsplatz noch keine Gef\u00e4hrdungsanalyse durchgef\u00fchrt haben, dann erinnert ihn einfach mal daran. Nach Arbeitsschutzgesetz \u00a75 ff hat der Arbeitgeber f\u00fcr jeden Arbeitsplatz eine Gef\u00e4hrdungsbeurteilung durchzuf\u00fchren.<\/p>\n<p>Uns w\u00fcrde interessieren, wie die Situation im Kirchenkreis aussieht. Wie h\u00e4ufig wurde bereits eine Gef\u00e4hrdungsbeurteilung durchgef\u00fchrt oder eben auch nicht. Dazu haben wir ein ganz kurzes Abfrageformular entwickelt. Ihr braucht eigentlich nur &#8222;ja&#8220;, &#8222;nein&#8220; bzw. &#8222;wei\u00df nicht&#8220; anklicken, optional k\u00f6nnt ihr noch angeben, in welchem Bereich ihr besch\u00e4ftigt seid. Die Abfrage ist v\u00f6llig anonym.<\/p>\n<p><strong>Hier geht&#8217;s zur Abfrage:<\/strong> <a href=\"https:\/\/forms.gle\/DL7zymgcnvQqzBhp6\">Gef\u00e4hrdungsbeurteilung<\/a><\/p>\n<p>Es w\u00e4re sch\u00f6n, wenn sich m\u00f6glichst viele Mitarbeiterinnen und Mitarbeiter an der Umfrage beteiligen w\u00fcrden. Vielen Dank f\u00fcr eure Mithilfe.<\/p>\n","protected":false},"excerpt":{"rendered":"<p>Liebe Kolleginnen und Kollegen. In der Vergangenheit sind u.a. von der Landeskirche, vom Kirchenkreis und vom Arbeitsschutzausschuss des Kirchenkreises diverse Informationen zur Gef\u00e4hrdungsbeurteilung an die Anstellungstr\u00e4ger verschickt worden. Ein Workshop der <abbr class='c2c-text-hover' title='Evangelische Fachstelle f\u00fcr Arbeitssicherheit'>EFAS<\/abbr> zum Thema hat auch bereits stattgefunden. Irgendwie hat jede und jeder schon einmal von der Gef\u00e4hrdungsbeurteilung geh\u00f6rt aber in manchen Bereichen scheint es [&hellip;]<\/p>\n","protected":false},"author":1,"featured_media":0,"comment_status":"closed","ping_status":"closed","sticky":false,"template":"","format":"standard","meta":{"footnotes":""},"categories":[1],"tags":[],"class_list":["post-3756","post","type-post","status-publish","format-standard","hentry","category-informationen"],"_links":{"self":[{"href":"https:\/\/mav.leine-solling.de\/index.php?rest_route=\/wp\/v2\/posts\/3756","targetHints":{"allow":["GET"]}}],"collection":[{"href":"https:\/\/mav.leine-solling.de\/index.php?rest_route=\/wp\/v2\/posts"}],"about":[{"href":"https:\/\/mav.leine-solling.de\/index.php?rest_route=\/wp\/v2\/types\/post"}],"author":[{"embeddable":true,"href":"https:\/\/mav.leine-solling.de\/index.php?rest_route=\/wp\/v2\/users\/1"}],"replies":[{"embeddable":true,"href":"https:\/\/mav.leine-solling.de\/index.php?rest_route=%2Fwp%2Fv2%2Fcomments&post=3756"}],"version-history":[{"count":5,"href":"https:\/\/mav.leine-solling.de\/index.php?rest_route=\/wp\/v2\/posts\/3756\/revisions"}],"predecessor-version":[{"id":4110,"href":"https:\/\/mav.leine-solling.de\/index.php?rest_route=\/wp\/v2\/posts\/3756\/revisions\/4110"}],"wp:attachment":[{"href":"https:\/\/mav.leine-solling.de\/index.php?rest_route=%2Fwp%2Fv2%2Fmedia&parent=3756"}],"wp:term":[{"taxonomy":"category","embeddable":true,"href":"https:\/\/mav.leine-solling.de\/index.php?rest_route=%2Fwp%2Fv2%2Fcategories&post=3756"},{"taxonomy":"post_tag","embeddable":true,"href":"https:\/\/mav.leine-solling.de\/index.php?rest_route=%2Fwp%2Fv2%2Ftags&post=3756"}],"curies":[{"name":"wp","href":"https:\/\/api.w.org\/{rel}","templated":true}]}}