{"id":3593,"date":"2020-01-14T11:23:38","date_gmt":"2020-01-14T10:23:38","guid":{"rendered":"http:\/\/mav.leine-solling.de\/?p=3593"},"modified":"2020-01-14T11:53:30","modified_gmt":"2020-01-14T10:53:30","slug":"adk-beschliesst-die-uebernahme-der-tarifeinigung-fuer-die-beschaeftigten-der-laender-tv-l","status":"publish","type":"post","link":"https:\/\/mav.leine-solling.de\/?p=3593","title":{"rendered":"ADK beschlie\u00dft die \u00dcbernahme der Tarifeinigung f\u00fcr die Besch\u00e4ftigten der L\u00e4nder (TV-L)"},"content":{"rendered":"<p>Viele Mitarbeitenden werden sich beim Blick auf die Gehaltsabrechnungen \u00fcber den Satz gewundert haben, dass die Gehaltserh\u00f6hungen des <abbr class='c2c-text-hover' title='Tarifvertrag der L\u00e4nder'>TV-L<\/abbr> unter dem Vorbehalt der R\u00fcckforderung gezahlt werden. Hintergrund war, dass die <abbr class='c2c-text-hover' title='Arbeits- und Dienstrechtliche Kommission'>ADK<\/abbr> noch \u00fcber die \u00dcbernahme verhandelte.<\/p>\n<p>Dieser Satz d\u00fcrfte jetzt der Vergangenheit angeh\u00f6ren.<\/p>\n<p>Nach langen und z\u00e4hen Verhandlungen hat die <abbr class='c2c-text-hover' title='Arbeits- und Dienstrechtliche Kommission'>ADK<\/abbr> endlich die \u00dcbernahme des Tarifabschlusses im Bereich des <abbr class='c2c-text-hover' title='Tarifvertrag der L\u00e4nder'>TV-L<\/abbr> r\u00fcckwirkend zum 01.01.2019 beschlossen. Auf Antrag der Arbeitgeberseite wurde dabei auch das Einfrieren der Jahressonderzahlung auf dem Niveau des Jahres 2018 beschlossen.<\/p>\n<p>Ebenfalls \u00fcbernommen wurden die Tariferh\u00f6hungen f\u00fcr 2020 und 2021:\u00a0 ab 01.01.2020 + 3,12%, mindestens\u00a0 jedoch 90 \u20ac (bei Vollzeit); ab 01.01.2021 noch einmal + 1,4%.<\/p>\n<p>\u00c4nderungen gibt es auch in Bezug auf die sog. &#8222;kleine 9&#8220;, die Entgeltgruppe 9 mit den besonderen Stufenlaufzeiten. Aus der &#8222;kleinen 9&#8220; wird r\u00fcckwirkend zum 01.01.2019 die Entgeltgruppe\u00a0 9a mit &#8222;normalen&#8220; Stufenlaufzeiten (incl. der Entgeltstufe 6), aus der bisherigen &#8222;normalen&#8220; Entgeltgruppe 9 wird die Entgeltgruppe 9b. Diese unterscheidet sich nicht von der bisherigen <abbr class='c2c-text-hover' title='Entgeltgruppe'>EG<\/abbr> 9, hei\u00dft eben nur anders.<\/p>\n<p>Der Gesamtausschuss der Mitarbeitervertretungen hat auf seiner Webseite eine ausf\u00fchrlichere Darstellung der \u00c4nderungen formuliert. Nachzulesen\u00a0<a href=\"https:\/\/www.gamav.de\/aktuelles\/2020\/adk_beschluss_uebernahme_tarifeinigung\" target=\"_blank\" rel=\"noopener noreferrer\">hier<\/a>.<\/p>\n<p>Die \u00c4nderungen gelten nicht f\u00fcr Mitarbeitende im Bereich\u00a0 des Sozial- und Erziehungsdienstes, da diese nach einem anderen Tarifwerk (<abbr class='c2c-text-hover' title='Tarifvertrag \u00f6ffentlicher Dienst'>TV-\u00f6D<\/abbr>) bezahlt werden.<\/p>\n","protected":false},"excerpt":{"rendered":"<p>Viele Mitarbeitenden werden sich beim Blick auf die Gehaltsabrechnungen \u00fcber den Satz gewundert haben, dass die Gehaltserh\u00f6hungen des <abbr class='c2c-text-hover' title='Tarifvertrag der L\u00e4nder'>TV-L<\/abbr> unter dem Vorbehalt der R\u00fcckforderung gezahlt werden. Hintergrund war, dass die <abbr class='c2c-text-hover' title='Arbeits- und Dienstrechtliche Kommission'>ADK<\/abbr> noch \u00fcber die \u00dcbernahme verhandelte. Dieser Satz d\u00fcrfte jetzt der Vergangenheit angeh\u00f6ren. Nach langen und z\u00e4hen Verhandlungen hat die <abbr class='c2c-text-hover' title='Arbeits- und Dienstrechtliche Kommission'>ADK<\/abbr> endlich die \u00dcbernahme des [&hellip;]<\/p>\n","protected":false},"author":1,"featured_media":0,"comment_status":"closed","ping_status":"closed","sticky":false,"template":"","format":"standard","meta":{"footnotes":""},"categories":[1],"tags":[75],"class_list":["post-3593","post","type-post","status-publish","format-standard","hentry","category-informationen","tag-tv-l"],"_links":{"self":[{"href":"https:\/\/mav.leine-solling.de\/index.php?rest_route=\/wp\/v2\/posts\/3593","targetHints":{"allow":["GET"]}}],"collection":[{"href":"https:\/\/mav.leine-solling.de\/index.php?rest_route=\/wp\/v2\/posts"}],"about":[{"href":"https:\/\/mav.leine-solling.de\/index.php?rest_route=\/wp\/v2\/types\/post"}],"author":[{"embeddable":true,"href":"https:\/\/mav.leine-solling.de\/index.php?rest_route=\/wp\/v2\/users\/1"}],"replies":[{"embeddable":true,"href":"https:\/\/mav.leine-solling.de\/index.php?rest_route=%2Fwp%2Fv2%2Fcomments&post=3593"}],"version-history":[{"count":3,"href":"https:\/\/mav.leine-solling.de\/index.php?rest_route=\/wp\/v2\/posts\/3593\/revisions"}],"predecessor-version":[{"id":4114,"href":"https:\/\/mav.leine-solling.de\/index.php?rest_route=\/wp\/v2\/posts\/3593\/revisions\/4114"}],"wp:attachment":[{"href":"https:\/\/mav.leine-solling.de\/index.php?rest_route=%2Fwp%2Fv2%2Fmedia&parent=3593"}],"wp:term":[{"taxonomy":"category","embeddable":true,"href":"https:\/\/mav.leine-solling.de\/index.php?rest_route=%2Fwp%2Fv2%2Fcategories&post=3593"},{"taxonomy":"post_tag","embeddable":true,"href":"https:\/\/mav.leine-solling.de\/index.php?rest_route=%2Fwp%2Fv2%2Ftags&post=3593"}],"curies":[{"name":"wp","href":"https:\/\/api.w.org\/{rel}","templated":true}]}}