{"id":3557,"date":"2019-12-03T10:59:30","date_gmt":"2019-12-03T09:59:30","guid":{"rendered":"http:\/\/mav.leine-solling.de\/?p=3557"},"modified":"2019-12-03T11:05:18","modified_gmt":"2019-12-03T10:05:18","slug":"mitarbeiterversammlung-2020-im-sommer","status":"publish","type":"post","link":"https:\/\/mav.leine-solling.de\/?p=3557","title":{"rendered":"Mitarbeiterversammlung 2020 im Sommer!"},"content":{"rendered":"<p>F\u00fcr die l\u00e4ngerfristige Planung und entsprechend l\u00e4ngere Vorfreude m\u00f6chten wir den Termin der Mitarbeiterversammlung im n\u00e4chsten Jahr bereits jetzt bekannt machen.<\/p>\n<p style=\"text-align: center;\"><strong>Datum 7.7.2020 <\/strong><\/p>\n<p style=\"text-align: center;\"><strong>18:00 Uhr <\/strong><\/p>\n<p style=\"text-align: center;\"><strong>Ort Wiebrechtshausen.<\/strong><\/p>\n<p>Neben den Regularien der Mitarbeiterversammlung, wollen wir gemeinsam mit der Superintendentin die diesj\u00e4hrigen Dienstjubil\u00e4en feiern und im Anschluss auf dem Gel\u00e4nde des Klosterguts grillen. Gemeinsam mit der <abbr class='c2c-text-hover' title='Evangelische Fachstelle f\u00fcr Arbeitssicherheit'>EFAS<\/abbr> wird das Schwerpunktthema der Mitarbeiterversammlung das &#8222;Notfallmanagement im kirchlichen Bereich: &#8222;Was tue ich, wenn &#8230;?&#8220; sein.<\/p>\n<p>Merkt euch den Termin und plant drum herum!<\/p>\n<p>Die darauf folgende Mitarbeiterversammlung wird am <strong>12.01.2021<\/strong> stattfinden, dort muss dann schon wieder ein Wahlausschuss f\u00fcr die Wahl zur gemeinsamen <abbr class='c2c-text-hover' title='Mitarbeitervertretung'>MAV<\/abbr>\u00a0 im April 2021 gew\u00e4hlt werden.<\/p>\n","protected":false},"excerpt":{"rendered":"<p>F\u00fcr die l\u00e4ngerfristige Planung und entsprechend l\u00e4ngere Vorfreude m\u00f6chten wir den Termin der Mitarbeiterversammlung im n\u00e4chsten Jahr bereits jetzt bekannt machen. Datum 7.7.2020 18:00 Uhr Ort Wiebrechtshausen. Neben den Regularien der Mitarbeiterversammlung, wollen wir gemeinsam mit der Superintendentin die diesj\u00e4hrigen Dienstjubil\u00e4en feiern und im Anschluss auf dem Gel\u00e4nde des Klosterguts grillen. Gemeinsam mit der <abbr class='c2c-text-hover' title='Evangelische Fachstelle f\u00fcr Arbeitssicherheit'>EFAS<\/abbr> [&hellip;]<\/p>\n","protected":false},"author":1,"featured_media":0,"comment_status":"closed","ping_status":"closed","sticky":false,"template":"","format":"standard","meta":{"footnotes":""},"categories":[1],"tags":[],"class_list":["post-3557","post","type-post","status-publish","format-standard","hentry","category-informationen"],"_links":{"self":[{"href":"https:\/\/mav.leine-solling.de\/index.php?rest_route=\/wp\/v2\/posts\/3557","targetHints":{"allow":["GET"]}}],"collection":[{"href":"https:\/\/mav.leine-solling.de\/index.php?rest_route=\/wp\/v2\/posts"}],"about":[{"href":"https:\/\/mav.leine-solling.de\/index.php?rest_route=\/wp\/v2\/types\/post"}],"author":[{"embeddable":true,"href":"https:\/\/mav.leine-solling.de\/index.php?rest_route=\/wp\/v2\/users\/1"}],"replies":[{"embeddable":true,"href":"https:\/\/mav.leine-solling.de\/index.php?rest_route=%2Fwp%2Fv2%2Fcomments&post=3557"}],"version-history":[{"count":2,"href":"https:\/\/mav.leine-solling.de\/index.php?rest_route=\/wp\/v2\/posts\/3557\/revisions"}],"predecessor-version":[{"id":4115,"href":"https:\/\/mav.leine-solling.de\/index.php?rest_route=\/wp\/v2\/posts\/3557\/revisions\/4115"}],"wp:attachment":[{"href":"https:\/\/mav.leine-solling.de\/index.php?rest_route=%2Fwp%2Fv2%2Fmedia&parent=3557"}],"wp:term":[{"taxonomy":"category","embeddable":true,"href":"https:\/\/mav.leine-solling.de\/index.php?rest_route=%2Fwp%2Fv2%2Fcategories&post=3557"},{"taxonomy":"post_tag","embeddable":true,"href":"https:\/\/mav.leine-solling.de\/index.php?rest_route=%2Fwp%2Fv2%2Ftags&post=3557"}],"curies":[{"name":"wp","href":"https:\/\/api.w.org\/{rel}","templated":true}]}}