{"id":3401,"date":"2019-06-11T10:53:07","date_gmt":"2019-06-11T09:53:07","guid":{"rendered":"http:\/\/mav.leine-solling.de\/?p=3401"},"modified":"2019-06-13T08:38:47","modified_gmt":"2019-06-13T07:38:47","slug":"konstituierende-sitzung-der-gemeinsamen-mav-fuer-den-kirchenkreis-leine-solling-und-den-kirchenkreisverband-harzer-land-und-leine-solling","status":"publish","type":"post","link":"https:\/\/mav.leine-solling.de\/?p=3401","title":{"rendered":"Konstituierende Sitzung der gemeinsamen MAV f\u00fcr den Kirchenkreis Leine-Solling und den Kirchenkreisverband Harzer Land und Leine-Solling"},"content":{"rendered":"<p>Unter Leitung des Wahlleiters Peter Slawik versammelten sich die 11 Mitglieder der gemeinsamen <abbr class='c2c-text-hover' title='Mitarbeitervertretung'>MAV<\/abbr> f\u00fcr den Kirchenkreis Leine-Solling und den Kirchenkreisverband Harzer Land und Leine-Solling zur konstituierende Sitzung. Im Rahmen dieser Sitzung wurde Anja Gaber den Mitgliedern der <abbr class='c2c-text-hover' title='Mitarbeitervertretung'>MAV<\/abbr> als neu\u00a0 gew\u00e4hlte Vertrauensperson der Mitarbeitenden mit Behinderungen vorgestellt.<\/p>\n<p>Es wurde zun\u00e4chst der 1.Vorsitzende der Mitarbeitervertretung gew\u00e4hlt.\u00a0 Ohne Gegenstimme wiedergew\u00e4hlt wurde G\u00fcnter St\u00f6fer.<\/p>\n<p>Dieser \u00fcbernahm die weitere Sitzungsleitung und bedankte sich zun\u00e4chst bei den Mitgliedern des Wahlausschusses f\u00fcr die in den letzten Wochen geleistete gute Arbeit.<\/p>\n<p>Als stellvertretender Vorsitzender wurde Rolf Behn im Amt best\u00e4tigt, als Schriftf\u00fchrerin Susanne Friede neu gew\u00e4hlt.<\/p>\n<p>Die weiteren Mitglieder der gemeinsamen <abbr class='c2c-text-hover' title='Mitarbeitervertretung'>MAV<\/abbr> sind:<\/p>\n<p>Heiko Fahlbusch, Erzieher<\/p>\n<p>Markus Gattermann, <abbr class='c2c-text-hover' title='Kindertagesst\u00e4tte'>Kita<\/abbr>-Leiter<\/p>\n<p>Klaudia Kunze, <abbr class='c2c-text-hover' title='Kindertagesst\u00e4tte'>Kita<\/abbr>-Leiterin<\/p>\n<p>Marcus Manig, Kirchenmusiker<\/p>\n<p>Maik Schietzoldt, K\u00fcster<\/p>\n<p>Andrea Schirmer, Verwaltungsangestellte<\/p>\n<p>Martina Spillner, Verwaltungsangestellte<\/p>\n<p>Brigitte Tristram, Verwaltungsangestellte<\/p>\n<p>Die Wahl zur gemeinsamen Mitarbeitervertretung ist damit abgeschlossen. Wir danken allen Teilnehmenden f\u00fcr das entgegen gebrachte Vertrauen, die Wahlbeteiligung lag bei 41,10%.<\/p>\n<p>Die Wahlperiode l\u00e4uft bis 30.04.2021.<\/p>\n<p>Im \u00dcbrigen: Damit wir das Wortunget\u00fcm aus der \u00dcberschrift nicht st\u00e4ndig verwenden m\u00fcssen, wollen wir &#8222;umgangssprachlich&#8220; bei der schon immer nicht ganz korrekten, aber wohlklingenden Bezeichnung &#8222;<abbr class='c2c-text-hover' title='Mitarbeitervertretung'>MAV<\/abbr> Leine-Solling&#8220; bleiben. Wir meinen damit alle und hoffen, dass sich auch alle angesprochen f\u00fchlen!<\/p>\n<p>&nbsp;<\/p>\n","protected":false},"excerpt":{"rendered":"<p>Unter Leitung des Wahlleiters Peter Slawik versammelten sich die 11 Mitglieder der gemeinsamen <abbr class='c2c-text-hover' title='Mitarbeitervertretung'>MAV<\/abbr> f\u00fcr den Kirchenkreis Leine-Solling und den Kirchenkreisverband Harzer Land und Leine-Solling zur konstituierende Sitzung. Im Rahmen dieser Sitzung wurde Anja Gaber den Mitgliedern der <abbr class='c2c-text-hover' title='Mitarbeitervertretung'>MAV<\/abbr> als neu\u00a0 gew\u00e4hlte Vertrauensperson der Mitarbeitenden mit Behinderungen vorgestellt. Es wurde zun\u00e4chst der 1.Vorsitzende der Mitarbeitervertretung [&hellip;]<\/p>\n","protected":false},"author":1,"featured_media":0,"comment_status":"closed","ping_status":"closed","sticky":false,"template":"","format":"standard","meta":{"footnotes":""},"categories":[1],"tags":[],"class_list":["post-3401","post","type-post","status-publish","format-standard","hentry","category-informationen"],"_links":{"self":[{"href":"https:\/\/mav.leine-solling.de\/index.php?rest_route=\/wp\/v2\/posts\/3401","targetHints":{"allow":["GET"]}}],"collection":[{"href":"https:\/\/mav.leine-solling.de\/index.php?rest_route=\/wp\/v2\/posts"}],"about":[{"href":"https:\/\/mav.leine-solling.de\/index.php?rest_route=\/wp\/v2\/types\/post"}],"author":[{"embeddable":true,"href":"https:\/\/mav.leine-solling.de\/index.php?rest_route=\/wp\/v2\/users\/1"}],"replies":[{"embeddable":true,"href":"https:\/\/mav.leine-solling.de\/index.php?rest_route=%2Fwp%2Fv2%2Fcomments&post=3401"}],"version-history":[{"count":3,"href":"https:\/\/mav.leine-solling.de\/index.php?rest_route=\/wp\/v2\/posts\/3401\/revisions"}],"predecessor-version":[{"id":4119,"href":"https:\/\/mav.leine-solling.de\/index.php?rest_route=\/wp\/v2\/posts\/3401\/revisions\/4119"}],"wp:attachment":[{"href":"https:\/\/mav.leine-solling.de\/index.php?rest_route=%2Fwp%2Fv2%2Fmedia&parent=3401"}],"wp:term":[{"taxonomy":"category","embeddable":true,"href":"https:\/\/mav.leine-solling.de\/index.php?rest_route=%2Fwp%2Fv2%2Fcategories&post=3401"},{"taxonomy":"post_tag","embeddable":true,"href":"https:\/\/mav.leine-solling.de\/index.php?rest_route=%2Fwp%2Fv2%2Ftags&post=3401"}],"curies":[{"name":"wp","href":"https:\/\/api.w.org\/{rel}","templated":true}]}}