{"id":3339,"date":"2019-04-01T10:36:50","date_gmt":"2019-04-01T09:36:50","guid":{"rendered":"http:\/\/mav.leine-solling.de\/?p=3339"},"modified":"2019-04-01T10:39:27","modified_gmt":"2019-04-01T09:39:27","slug":"vorankuendigung-workshop-resilienz","status":"publish","type":"post","link":"https:\/\/mav.leine-solling.de\/?p=3339","title":{"rendered":"Vorank\u00fcndigung Workshop Resilienz"},"content":{"rendered":"<p style=\"text-align: center;\">Gerne m\u00f6chten wir bereits heute auf einen Workshop zum Thema &#8222;Resilienz&#8220; hinweisen.<\/p>\n<p style=\"text-align: center;\">Dazu schreibt unsere Superintendentin:<\/p>\n<p style=\"text-align: center;\">************<\/p>\n<p>Liebe Mitarbeitende in den Kirchengemeinden und Einrichtungen unseres Kirchenkreises,<\/p>\n<p>anl\u00e4sslich unseres Mottojahres &#8222;Zeit f\u00fcr Freir\u00e4ume&#8220; m\u00f6chte unser Arbeitsschutzkreis und die <abbr class='c2c-text-hover' title='Mitarbeitervertretung'>MAV<\/abbr> Leine-Solling Sie schon jetzt aufmerksam machen auf einen Workshop, zu dem wir nach den Sommerferien schriftlich einladen werden:<\/p>\n<p><strong>\u201eKopf \u00fcber Wasser \u2013 Mit Resilienz den beruflichen Alltag gestalten&#8220;<\/strong><\/p>\n<p>&#8211; wie es gelingen kann, sich mit Geschehenem zu vers\u00f6hnen, eigene Ressourcen zu st\u00e4rken und selbstbestimmt den Blick in die Zukunft zu richten.<strong><br \/>\n<\/strong><\/p>\n<p><strong>22. Oktober 2019, 18.00 Uhr<\/strong>\u00a0im Gemeindesaal der Corvinusgemeinde Northeim, Schumannstr.<\/p>\n<p>Mit herzlichem Gru\u00df im Namen aller Einladenden<\/p>\n<p style=\"text-align: left;\">Stephanie von Lingen<\/p>\n<p style=\"text-align: center;\">************<\/p>\n","protected":false},"excerpt":{"rendered":"<p>Gerne m\u00f6chten wir bereits heute auf einen Workshop zum Thema &#8222;Resilienz&#8220; hinweisen. Dazu schreibt unsere Superintendentin: ************ Liebe Mitarbeitende in den Kirchengemeinden und Einrichtungen unseres Kirchenkreises, anl\u00e4sslich unseres Mottojahres &#8222;Zeit f\u00fcr Freir\u00e4ume&#8220; m\u00f6chte unser Arbeitsschutzkreis und die <abbr class='c2c-text-hover' title='Mitarbeitervertretung'>MAV<\/abbr> Leine-Solling Sie schon jetzt aufmerksam machen auf einen Workshop, zu dem wir nach den Sommerferien schriftlich einladen [&hellip;]<\/p>\n","protected":false},"author":1,"featured_media":0,"comment_status":"closed","ping_status":"closed","sticky":false,"template":"","format":"standard","meta":{"footnotes":""},"categories":[1],"tags":[],"class_list":["post-3339","post","type-post","status-publish","format-standard","hentry","category-informationen"],"_links":{"self":[{"href":"https:\/\/mav.leine-solling.de\/index.php?rest_route=\/wp\/v2\/posts\/3339","targetHints":{"allow":["GET"]}}],"collection":[{"href":"https:\/\/mav.leine-solling.de\/index.php?rest_route=\/wp\/v2\/posts"}],"about":[{"href":"https:\/\/mav.leine-solling.de\/index.php?rest_route=\/wp\/v2\/types\/post"}],"author":[{"embeddable":true,"href":"https:\/\/mav.leine-solling.de\/index.php?rest_route=\/wp\/v2\/users\/1"}],"replies":[{"embeddable":true,"href":"https:\/\/mav.leine-solling.de\/index.php?rest_route=%2Fwp%2Fv2%2Fcomments&post=3339"}],"version-history":[{"count":2,"href":"https:\/\/mav.leine-solling.de\/index.php?rest_route=\/wp\/v2\/posts\/3339\/revisions"}],"predecessor-version":[{"id":3342,"href":"https:\/\/mav.leine-solling.de\/index.php?rest_route=\/wp\/v2\/posts\/3339\/revisions\/3342"}],"wp:attachment":[{"href":"https:\/\/mav.leine-solling.de\/index.php?rest_route=%2Fwp%2Fv2%2Fmedia&parent=3339"}],"wp:term":[{"taxonomy":"category","embeddable":true,"href":"https:\/\/mav.leine-solling.de\/index.php?rest_route=%2Fwp%2Fv2%2Fcategories&post=3339"},{"taxonomy":"post_tag","embeddable":true,"href":"https:\/\/mav.leine-solling.de\/index.php?rest_route=%2Fwp%2Fv2%2Ftags&post=3339"}],"curies":[{"name":"wp","href":"https:\/\/api.w.org\/{rel}","templated":true}]}}