{"id":332,"date":"2009-02-05T19:47:53","date_gmt":"2009-02-05T18:47:53","guid":{"rendered":"http:\/\/mav.leine-solling.de\/neu\/?p=332"},"modified":"2009-02-05T20:14:30","modified_gmt":"2009-02-05T19:14:30","slug":"mehr-als-14000-kolleginnen-und-kollegen-in-hannover","status":"publish","type":"post","link":"https:\/\/mav.leine-solling.de\/?p=332","title":{"rendered":"Mehr als 14.000 Kolleginnen und Kollegen in Hannover"},"content":{"rendered":"<p><img loading=\"lazy\" decoding=\"async\" class=\"aligncenter size-full wp-image-331\" title=\"sdim0023\" src=\"https:\/\/mav.leine-solling.de\/neu\/wp-content\/uploads\/2009\/02\/sdim0023.jpg\" alt=\"sdim0023\" width=\"500\" height=\"333\" srcset=\"https:\/\/mav.leine-solling.de\/wp-content\/uploads\/2009\/02\/sdim0023.jpg 500w, https:\/\/mav.leine-solling.de\/wp-content\/uploads\/2009\/02\/sdim0023-300x199.jpg 300w\" sizes=\"auto, (max-width: 500px) 100vw, 500px\" \/><\/p>\n<p>Die Gewerkschaften ver.di, GEW (Gewerkschaft Erziehung und Wissenschaft), GdP (Gewerkschaft der Polizei) und der deutsche Beamtenbund hatten zu einem gemeinsamem Warnstreik-Demonstrationstag nach Hannover eingeladen. Und mehr als 14.000 Menschen folgen der Einladung.<\/p>\n<p>Darunter bekannte Gesichter<\/p>\n<p><img loading=\"lazy\" decoding=\"async\" class=\"aligncenter size-full wp-image-334\" title=\"Die drei von der Demo\" src=\"https:\/\/mav.leine-solling.de\/neu\/wp-content\/uploads\/2009\/02\/sdim0027.jpg\" alt=\"Die drei von der Demo\" width=\"500\" height=\"333\" srcset=\"https:\/\/mav.leine-solling.de\/wp-content\/uploads\/2009\/02\/sdim0027.jpg 500w, https:\/\/mav.leine-solling.de\/wp-content\/uploads\/2009\/02\/sdim0027-300x199.jpg 300w\" sizes=\"auto, (max-width: 500px) 100vw, 500px\" \/><\/p>\n<p>In unserer Mitte Kollege Frank (Bsirske), Vorsitzender der Gewerkschaft ver.di, im lebhaften Gespr\u00e4ch \u00fcber die Situation der kirchlichen Mitarbeitenden, der Situation der Mitarbeiterinnen von Schwesternstationen und, nach dem wir uns auch noch als Mitglieder des <abbr class='c2c-text-hover' title='Mitarbeitervertretungsverband'>MVV<\/abbr> geoutet hatten, auch \u00fcber die Situation der Vertretung kirchlicher Mitarbeitender gegen\u00fcber der Arbeitgeberseite.<\/p>\n<p style=\"text-align: center;\"><img loading=\"lazy\" decoding=\"async\" class=\"aligncenter size-full wp-image-336\" title=\"MVV! Wirklich ?\" src=\"https:\/\/mav.leine-solling.de\/neu\/wp-content\/uploads\/2009\/02\/sdim0033.jpg\" alt=\"MVV. Wirklich ?\" width=\"500\" height=\"333\" srcset=\"https:\/\/mav.leine-solling.de\/wp-content\/uploads\/2009\/02\/sdim0033.jpg 500w, https:\/\/mav.leine-solling.de\/wp-content\/uploads\/2009\/02\/sdim0033-300x199.jpg 300w\" sizes=\"auto, (max-width: 500px) 100vw, 500px\" \/><\/p>\n<p>Die Abschlusskundgebung auf dem Opernplatz fand in guter Stimmung und unter lautstarker Beteiligung von Trillerpfeifen, Warnsignalen und Tr\u00f6ten statt. Das war deutlich:<\/p>\n<p>Minister M\u00f6llring, wir machen wieder Krach, wenn es keinen gerechten Lohn f\u00fcr gerechte Arbeit gibt.<\/p>\n<p><img loading=\"lazy\" decoding=\"async\" class=\"aligncenter size-full wp-image-347\" title=\"Fahnen ohne Ende\" src=\"https:\/\/mav.leine-solling.de\/neu\/wp-content\/uploads\/2009\/02\/sdim00161.jpg\" alt=\"Fahnen ohne Ende\" width=\"500\" height=\"333\" srcset=\"https:\/\/mav.leine-solling.de\/wp-content\/uploads\/2009\/02\/sdim00161.jpg 500w, https:\/\/mav.leine-solling.de\/wp-content\/uploads\/2009\/02\/sdim00161-300x199.jpg 300w\" sizes=\"auto, (max-width: 500px) 100vw, 500px\" \/><\/p>\n<p>Frank Bsirske, jetzt wieder ohne seine Begleiter,\u00a0 rief den Teilnehmern zu:<\/p>\n<p style=\"text-align: left;\"><strong>\u201eRespektieren denn die Finanzminister die Arbeit der Landesbesch\u00e4ftigten nicht? Heute geben wir ihnen die Antwort auf ihre Verweigerungshaltung. Die Besch\u00e4ftigten sind keine man\u00f6vrierbare Masse der Finanzminister und keine Opferl\u00e4mmer. Jetzt seid Ihr dran!\u201c<\/strong><\/p>\n<p>Und wieder gab es bekannte Gesichter, diesmal aus G\u00f6ttingen:<\/p>\n<p style=\"text-align: left;\"><img loading=\"lazy\" decoding=\"async\" class=\"aligncenter size-full wp-image-338\" title=\"Kollege Ernst, mehr Freude bitte!\" src=\"https:\/\/mav.leine-solling.de\/neu\/wp-content\/uploads\/2009\/02\/sdim0042.jpg\" alt=\"Kollege, so grimmig?\" width=\"500\" height=\"333\" srcset=\"https:\/\/mav.leine-solling.de\/wp-content\/uploads\/2009\/02\/sdim0042.jpg 500w, https:\/\/mav.leine-solling.de\/wp-content\/uploads\/2009\/02\/sdim0042-300x199.jpg 300w\" sizes=\"auto, (max-width: 500px) 100vw, 500px\" \/><\/p>\n<p><strong>Was geht uns kirchliche Mitarbeitende eigentlich die Demonstration der Landesbesch\u00e4ftigten an?<\/strong><\/p>\n<p>Mit der Anbindung unserer Dienstvertragsordnung an die Regeln des <abbr class='c2c-text-hover' title='Tarifvertrag der L\u00e4nder'>TV-L<\/abbr>\u00a0 gibt es zwar keine automatische \u00dcbernahme des Tarifergebnisses f\u00fcr den kirchlichen Dienst, aber die Arbeitgeberseite kann sich jetzt schon mal darauf einstellen, dass auch sie mit gro\u00dfer Unruhe rechnen muss, wenn sie die Tarifabschl\u00fcsse diesmal nicht 1:1 und ohne Zeitverz\u00f6gerung \u00fcbernimmt. Deshalb ist es schade, das so wenige aus dem Kirchenkreis Leine-Solling mit nach Hannover wollten. Wir k\u00f6nnen nicht Solidarit\u00e4t einfordern, wenn wir uns nicht auch solidarisch verhalten.<\/p>\n<p>Aber zumindest ein Luftballon der kirchlichen Arbeitnehmer war da.<\/p>\n<p><img loading=\"lazy\" decoding=\"async\" class=\"aligncenter size-full wp-image-341\" title=\"Kirchenluft\" src=\"https:\/\/mav.leine-solling.de\/neu\/wp-content\/uploads\/2009\/02\/sdim0043.jpg\" alt=\"Kirchenluft\" width=\"500\" height=\"333\" srcset=\"https:\/\/mav.leine-solling.de\/wp-content\/uploads\/2009\/02\/sdim0043.jpg 500w, https:\/\/mav.leine-solling.de\/wp-content\/uploads\/2009\/02\/sdim0043-300x199.jpg 300w\" sizes=\"auto, (max-width: 500px) 100vw, 500px\" \/><\/p>\n<p>Fotos: Max St\u00f6fer, G\u00fcnter St\u00f6fer<\/p>\n","protected":false},"excerpt":{"rendered":"<p>Die Gewerkschaften ver.di, GEW (Gewerkschaft Erziehung und Wissenschaft), GdP (Gewerkschaft der Polizei) und der deutsche Beamtenbund hatten zu einem gemeinsamem Warnstreik-Demonstrationstag nach Hannover eingeladen. Und mehr als 14.000 Menschen folgen der Einladung. Darunter bekannte Gesichter In unserer Mitte Kollege Frank (Bsirske), Vorsitzender der Gewerkschaft ver.di, im lebhaften Gespr\u00e4ch \u00fcber die Situation der kirchlichen Mitarbeitenden, der [&hellip;]<\/p>\n","protected":false},"author":1,"featured_media":0,"comment_status":"open","ping_status":"closed","sticky":false,"template":"","format":"standard","meta":{"footnotes":""},"categories":[1],"tags":[],"class_list":["post-332","post","type-post","status-publish","format-standard","hentry","category-informationen"],"_links":{"self":[{"href":"https:\/\/mav.leine-solling.de\/index.php?rest_route=\/wp\/v2\/posts\/332","targetHints":{"allow":["GET"]}}],"collection":[{"href":"https:\/\/mav.leine-solling.de\/index.php?rest_route=\/wp\/v2\/posts"}],"about":[{"href":"https:\/\/mav.leine-solling.de\/index.php?rest_route=\/wp\/v2\/types\/post"}],"author":[{"embeddable":true,"href":"https:\/\/mav.leine-solling.de\/index.php?rest_route=\/wp\/v2\/users\/1"}],"replies":[{"embeddable":true,"href":"https:\/\/mav.leine-solling.de\/index.php?rest_route=%2Fwp%2Fv2%2Fcomments&post=332"}],"version-history":[{"count":11,"href":"https:\/\/mav.leine-solling.de\/index.php?rest_route=\/wp\/v2\/posts\/332\/revisions"}],"predecessor-version":[{"id":346,"href":"https:\/\/mav.leine-solling.de\/index.php?rest_route=\/wp\/v2\/posts\/332\/revisions\/346"}],"wp:attachment":[{"href":"https:\/\/mav.leine-solling.de\/index.php?rest_route=%2Fwp%2Fv2%2Fmedia&parent=332"}],"wp:term":[{"taxonomy":"category","embeddable":true,"href":"https:\/\/mav.leine-solling.de\/index.php?rest_route=%2Fwp%2Fv2%2Fcategories&post=332"},{"taxonomy":"post_tag","embeddable":true,"href":"https:\/\/mav.leine-solling.de\/index.php?rest_route=%2Fwp%2Fv2%2Ftags&post=332"}],"curies":[{"name":"wp","href":"https:\/\/api.w.org\/{rel}","templated":true}]}}