{"id":3314,"date":"2019-02-26T11:38:06","date_gmt":"2019-02-26T10:38:06","guid":{"rendered":"http:\/\/mav.leine-solling.de\/?p=3314"},"modified":"2019-02-26T11:44:29","modified_gmt":"2019-02-26T10:44:29","slug":"mav-wahl-voraussichtlich-am-07-05-2019","status":"publish","type":"post","link":"https:\/\/mav.leine-solling.de\/?p=3314","title":{"rendered":"MAV Wahl voraussichtlich am 07.05.2019"},"content":{"rendered":"<p>Durch die Zusammenlegung der Kirchenkreis\u00e4mter Osterode und Northeim zum Kirchenamt Northeim muss dort eine neue Mitarbeitervertretung (<abbr class='c2c-text-hover' title='Mitarbeitervertretung'>MAV<\/abbr>) gew\u00e4hlt werden. Die Mitarbeitenden des Kirchenamtes habe den Wunsch ge\u00e4u\u00dfert, eine gemeinsame <abbr class='c2c-text-hover' title='Mitarbeitervertretung'>MAV<\/abbr> mit dem Kirchenkreis Leine-Solling zu bilden. Die <abbr class='c2c-text-hover' title='Mitarbeitervertretung'>MAV<\/abbr> Leine-Solling l\u00e4dt deshalb <strong>alle Mitarbeitenden des Kirchenkreises und des Kirchenamtes<\/strong> am<\/p>\n<p><strong>12.03.2019<\/strong> <strong>ab 17:30 Uhr<\/strong> zu getrennten und gemeinsamen Mitarbeiterversammlungen<br \/>\nin den Sitzungsraum des Kirchenamtes \u00a0in Northeim, Bahnhofstr. 29 a<\/p>\n<p>ein.<\/p>\n<p>Achtung: die Zufahrt zum Parkplatz des Kirchenamtes befindet sich in der Baustelle, weitere Parkpl\u00e4tze finden sich im Eschenschlag (N\u00e4he Amtsgericht Northeim).<\/p>\n<p>(Die Einladung zur Sitzung findet sich <a href=\"https:\/\/mav.leine-solling.de\/wp-content\/uploads\/2019\/02\/19-02-08-Einladung-MV-13.03.2019.pdf\">hier<\/a>).<\/p>\n<p>Wir gehen davon aus, dass auch die Mitarbeitenden des Kirchenkreises Leine-Solling einer gemeinsamen Mitarbeitervertretung zustimmen werden und wollen deshalb die Wahl des Wahlausschusses ebenfalls am 12.03.2019 durchf\u00fchren.<\/p>\n<p>Wir sind uns bewusst, dass dies nicht unbedingt die spannendsten Themen f\u00fcr eine Mitarbeiterversammlung sind, wir bitte aber dennoch um \u201erege Teilnahme\u201c, damit die formal notwendigen Beschl\u00fcsse mit ausreichender R\u00fcckendeckung durch die Mitarbeitenden beschlossen werden k\u00f6nnen.<\/p>\n<p>Nach den bisherigen \u00dcberlegungen kann der Wahlausschuss die Wahl zur \u201egemeinsamen Mitarbeitervertretung\u201c Anfang Mai durchf\u00fchren, vermutlich am 07.05.2019. Weitere Informationen zur Wahl wird der Wahlausschuss versenden.<\/p>\n","protected":false},"excerpt":{"rendered":"<p>Durch die Zusammenlegung der Kirchenkreis\u00e4mter Osterode und Northeim zum Kirchenamt Northeim muss dort eine neue Mitarbeitervertretung (<abbr class='c2c-text-hover' title='Mitarbeitervertretung'>MAV<\/abbr>) gew\u00e4hlt werden. Die Mitarbeitenden des Kirchenamtes habe den Wunsch ge\u00e4u\u00dfert, eine gemeinsame <abbr class='c2c-text-hover' title='Mitarbeitervertretung'>MAV<\/abbr> mit dem Kirchenkreis Leine-Solling zu bilden. Die <abbr class='c2c-text-hover' title='Mitarbeitervertretung'>MAV<\/abbr> Leine-Solling l\u00e4dt deshalb alle Mitarbeitenden des Kirchenkreises und des Kirchenamtes am 12.03.2019 ab 17:30 Uhr zu getrennten [&hellip;]<\/p>\n","protected":false},"author":1,"featured_media":0,"comment_status":"closed","ping_status":"closed","sticky":false,"template":"","format":"standard","meta":{"footnotes":""},"categories":[1],"tags":[],"class_list":["post-3314","post","type-post","status-publish","format-standard","hentry","category-informationen"],"_links":{"self":[{"href":"https:\/\/mav.leine-solling.de\/index.php?rest_route=\/wp\/v2\/posts\/3314","targetHints":{"allow":["GET"]}}],"collection":[{"href":"https:\/\/mav.leine-solling.de\/index.php?rest_route=\/wp\/v2\/posts"}],"about":[{"href":"https:\/\/mav.leine-solling.de\/index.php?rest_route=\/wp\/v2\/types\/post"}],"author":[{"embeddable":true,"href":"https:\/\/mav.leine-solling.de\/index.php?rest_route=\/wp\/v2\/users\/1"}],"replies":[{"embeddable":true,"href":"https:\/\/mav.leine-solling.de\/index.php?rest_route=%2Fwp%2Fv2%2Fcomments&post=3314"}],"version-history":[{"count":3,"href":"https:\/\/mav.leine-solling.de\/index.php?rest_route=\/wp\/v2\/posts\/3314\/revisions"}],"predecessor-version":[{"id":3321,"href":"https:\/\/mav.leine-solling.de\/index.php?rest_route=\/wp\/v2\/posts\/3314\/revisions\/3321"}],"wp:attachment":[{"href":"https:\/\/mav.leine-solling.de\/index.php?rest_route=%2Fwp%2Fv2%2Fmedia&parent=3314"}],"wp:term":[{"taxonomy":"category","embeddable":true,"href":"https:\/\/mav.leine-solling.de\/index.php?rest_route=%2Fwp%2Fv2%2Fcategories&post=3314"},{"taxonomy":"post_tag","embeddable":true,"href":"https:\/\/mav.leine-solling.de\/index.php?rest_route=%2Fwp%2Fv2%2Ftags&post=3314"}],"curies":[{"name":"wp","href":"https:\/\/api.w.org\/{rel}","templated":true}]}}