{"id":328,"date":"2009-01-29T09:34:57","date_gmt":"2009-01-29T08:34:57","guid":{"rendered":"http:\/\/mav.leine-solling.de\/neu\/?p=328"},"modified":"2009-01-29T09:36:13","modified_gmt":"2009-01-29T08:36:13","slug":"trauer-um-angela-ludowizi","status":"publish","type":"post","link":"https:\/\/mav.leine-solling.de\/?p=328","title":{"rendered":"Trauer um Angela Ludowizi"},"content":{"rendered":"<p>Am 26.1.2009 verstarb v\u00f6llig unerwartet im Alter von nur 48 Jahren unser ehemaliges <abbr class='c2c-text-hover' title='Mitarbeitervertretung'>MAV<\/abbr>-Mitglied Angela Ludowizi. In den Jahren 1996 bis 2008 hat sie die Arbeit der <abbr class='c2c-text-hover' title='Mitarbeitervertretung'>MAV<\/abbr> mit ihren Fachkenntnissen aus dem <abbr class='c2c-text-hover' title='Kindertagesst\u00e4tte'>KiTa<\/abbr>-Bereich tatkr\u00e4ftig unterst\u00fctzt.\u00a0<\/p>\n<p>Wir trauern um Angela und w\u00fcnschen ihrer Familie viel Kraft, diesen gro\u00dfen Verlust zu bew\u00e4ltigen.<\/p>\n<p>\u00dcber ihrer Todesanzeige stand:<\/p>\n<p style=\"text-align: center;\"><em>Wenn ihr an mich denkt,<\/em><\/p>\n<p style=\"text-align: center;\"><em>seid nicht traurig, sondern habt den Mut,<\/em><\/p>\n<p style=\"text-align: center;\"><em>von mir zu erz\u00e4hlen und auch zu lachen.<\/em><\/p>\n<p style=\"text-align: center;\"><em>Lasst mir einen Platz zwischen euch,<\/em><\/p>\n<p style=\"text-align: center;\"><em>so wie ich ihn im Leben hatte.<\/em><\/p>\n<p style=\"text-align: center;\"><em><br \/>\n<\/em><\/p>\n<p>Genau so werden wir Angela Ludowizi in guter Erinnerung behalten!<\/p>\n","protected":false},"excerpt":{"rendered":"<p>Am 26.1.2009 verstarb v\u00f6llig unerwartet im Alter von nur 48 Jahren unser ehemaliges <abbr class='c2c-text-hover' title='Mitarbeitervertretung'>MAV<\/abbr>-Mitglied Angela Ludowizi. In den Jahren 1996 bis 2008 hat sie die Arbeit der <abbr class='c2c-text-hover' title='Mitarbeitervertretung'>MAV<\/abbr> mit ihren Fachkenntnissen aus dem <abbr class='c2c-text-hover' title='Kindertagesst\u00e4tte'>KiTa<\/abbr>-Bereich tatkr\u00e4ftig unterst\u00fctzt.\u00a0 Wir trauern um Angela und w\u00fcnschen ihrer Familie viel Kraft, diesen gro\u00dfen Verlust zu bew\u00e4ltigen. \u00dcber ihrer Todesanzeige stand: [&hellip;]<\/p>\n","protected":false},"author":1,"featured_media":0,"comment_status":"open","ping_status":"closed","sticky":false,"template":"","format":"standard","meta":{"footnotes":""},"categories":[1],"tags":[],"class_list":["post-328","post","type-post","status-publish","format-standard","hentry","category-informationen"],"_links":{"self":[{"href":"https:\/\/mav.leine-solling.de\/index.php?rest_route=\/wp\/v2\/posts\/328","targetHints":{"allow":["GET"]}}],"collection":[{"href":"https:\/\/mav.leine-solling.de\/index.php?rest_route=\/wp\/v2\/posts"}],"about":[{"href":"https:\/\/mav.leine-solling.de\/index.php?rest_route=\/wp\/v2\/types\/post"}],"author":[{"embeddable":true,"href":"https:\/\/mav.leine-solling.de\/index.php?rest_route=\/wp\/v2\/users\/1"}],"replies":[{"embeddable":true,"href":"https:\/\/mav.leine-solling.de\/index.php?rest_route=%2Fwp%2Fv2%2Fcomments&post=328"}],"version-history":[{"count":2,"href":"https:\/\/mav.leine-solling.de\/index.php?rest_route=\/wp\/v2\/posts\/328\/revisions"}],"predecessor-version":[{"id":330,"href":"https:\/\/mav.leine-solling.de\/index.php?rest_route=\/wp\/v2\/posts\/328\/revisions\/330"}],"wp:attachment":[{"href":"https:\/\/mav.leine-solling.de\/index.php?rest_route=%2Fwp%2Fv2%2Fmedia&parent=328"}],"wp:term":[{"taxonomy":"category","embeddable":true,"href":"https:\/\/mav.leine-solling.de\/index.php?rest_route=%2Fwp%2Fv2%2Fcategories&post=328"},{"taxonomy":"post_tag","embeddable":true,"href":"https:\/\/mav.leine-solling.de\/index.php?rest_route=%2Fwp%2Fv2%2Ftags&post=328"}],"curies":[{"name":"wp","href":"https:\/\/api.w.org\/{rel}","templated":true}]}}