{"id":324,"date":"2009-01-28T10:21:39","date_gmt":"2009-01-28T09:21:39","guid":{"rendered":"http:\/\/mav.leine-solling.de\/neu\/?p=324"},"modified":"2009-01-28T10:32:28","modified_gmt":"2009-01-28T09:32:28","slug":"aktionstag-3-februar-hannover","status":"publish","type":"post","link":"https:\/\/mav.leine-solling.de\/?p=324","title":{"rendered":"Aktionstag 3. Februar Hannover"},"content":{"rendered":"<p>Liebe Kolleginnen und Kollegen.<\/p>\n<p><strong>Das Ergebnis der <abbr class='c2c-text-hover' title='Arbeits- und Dienstrechtliche Kommission'>ADK<\/abbr>-Sitzung vom 26.01.2009: <\/strong><\/p>\n<p>Die Arbeitgeberseite blockiert weiterhin den innerkirchlichen Arbeitgeberwechsel ohne Nachteile. Keine Begr\u00fcndung, keine Argumente, einfach &#8222;Nein&#8220;. F\u00fcr Pastoren und Kirchenbeamte hingegen gibt es beim Wechsel keine Nachteile! Sitzen wir eventuell doch nicht alle im gleichen Boot?<\/p>\n<p><strong>Das Ergebnis des zweiten Verhandlungstermins zwischen ver.di und der Tarifgemeinschaft der L\u00e4nder:<\/strong><\/p>\n<p>Es gibt kein Ergebnis. Noch nicht mal ein Angebot der Arbeitgeberseite, geschweige denn einen Abschlu\u00df! Kein Wunder! Das Geld ist knapp und die Conti-Scheffler-Gruppe erwartet eine kr\u00e4ftige Finanzspritze.\u00a0<\/p>\n<p><strong>Am 3. Februar findet in Hannover ein Aktionstag der Arbeitnehmerorganisatonen ver.di, vkm und <abbr class='c2c-text-hover' title='Mitarbeitervertretungsverband'>mvv<\/abbr> statt.<\/strong> Beginn ist um 11 uhr mit dem Abmarsch des Demonstrationszuges vom Sch\u00fctzenplatz. Um 12.30 Uhr beginnt dann die Kundgebung auf dem Opernplatz. Ende der Veranstaltung gegen 14 Uhr.<\/p>\n<p>Ver.di hat einen Bus gechartert, der um 8.45 Uhr in G\u00f6ttingen vom Sch\u00fctzenplatz abf\u00e4hrt. Sollten sich aus dem Kirchenkreis Leine-Solling gen\u00fcgend Mitfahrerinnen finden, wird der Bus wahrscheinlich einen Zwischenstopp in Northeim einlegen. Wir verhandeln noch!<\/p>\n<p>Alternativ k\u00f6nnen wir auch mit der Bahn nach Hannover fahren. Start w\u00e4re um 9.20 Uhr vom Bahnhof Northeim. Mit dem Niedersachsenticket (25 Euro f\u00fcr insgesamt 5 Personen) beliefen sich die Kosten auf 5 Euro pro Teilnehmer f\u00fcr Hin- und R\u00fcckfahrt.<\/p>\n<p><abbr class='c2c-text-hover' title='Mitarbeitervertretungsverband'>MVV<\/abbr>-Mitglieder erhalten in Hannover wie immer eine Aufwandsentsch\u00e4digung in H\u00f6he von 5 Euro.<\/p>\n<p>Falls Ihr mitfahren wollt, schickt uns per Mail eine kurze Info an: mail@<abbr class='c2c-text-hover' title='Mitarbeitervertretung'>mav<\/abbr>.leine-solling.de<\/p>\n<p>Weitere Infos findet ihr auf den Seiten der Arbeitnehmerorganisationen:<\/p>\n<p><a title=\"Homepage MVV\" href=\"http:\/\/www.mvv-k.de\" target=\"_blank\"><abbr class='c2c-text-hover' title='Mitarbeitervertretungsverband'>MVV<\/abbr><\/a><\/p>\n<p><a title=\"Homepage VkM\" href=\"http:\/\/vkm-hannover.de\/meldungen.html\" target=\"_blank\">VkM<\/a><\/p>\n<p><a title=\"Homepage verdi\" href=\"http:\/\/nds-bremen.verdi.de\/branchen_und_berufe\/fachbereich_3_gesundheit_soziale_dienste_wohlfahrt_und_kirchen\/kirchen_diakonie_und_caritas\/verfasste_kirche\" target=\"_blank\">ver.di<\/a><\/p>\n","protected":false},"excerpt":{"rendered":"<p>Liebe Kolleginnen und Kollegen. Das Ergebnis der <abbr class='c2c-text-hover' title='Arbeits- und Dienstrechtliche Kommission'>ADK<\/abbr>-Sitzung vom 26.01.2009: Die Arbeitgeberseite blockiert weiterhin den innerkirchlichen Arbeitgeberwechsel ohne Nachteile. Keine Begr\u00fcndung, keine Argumente, einfach &#8222;Nein&#8220;. F\u00fcr Pastoren und Kirchenbeamte hingegen gibt es beim Wechsel keine Nachteile! Sitzen wir eventuell doch nicht alle im gleichen Boot? Das Ergebnis des zweiten Verhandlungstermins zwischen ver.di und der Tarifgemeinschaft [&hellip;]<\/p>\n","protected":false},"author":1,"featured_media":0,"comment_status":"open","ping_status":"closed","sticky":false,"template":"","format":"standard","meta":{"footnotes":""},"categories":[1],"tags":[],"class_list":["post-324","post","type-post","status-publish","format-standard","hentry","category-informationen"],"_links":{"self":[{"href":"https:\/\/mav.leine-solling.de\/index.php?rest_route=\/wp\/v2\/posts\/324","targetHints":{"allow":["GET"]}}],"collection":[{"href":"https:\/\/mav.leine-solling.de\/index.php?rest_route=\/wp\/v2\/posts"}],"about":[{"href":"https:\/\/mav.leine-solling.de\/index.php?rest_route=\/wp\/v2\/types\/post"}],"author":[{"embeddable":true,"href":"https:\/\/mav.leine-solling.de\/index.php?rest_route=\/wp\/v2\/users\/1"}],"replies":[{"embeddable":true,"href":"https:\/\/mav.leine-solling.de\/index.php?rest_route=%2Fwp%2Fv2%2Fcomments&post=324"}],"version-history":[{"count":2,"href":"https:\/\/mav.leine-solling.de\/index.php?rest_route=\/wp\/v2\/posts\/324\/revisions"}],"predecessor-version":[{"id":327,"href":"https:\/\/mav.leine-solling.de\/index.php?rest_route=\/wp\/v2\/posts\/324\/revisions\/327"}],"wp:attachment":[{"href":"https:\/\/mav.leine-solling.de\/index.php?rest_route=%2Fwp%2Fv2%2Fmedia&parent=324"}],"wp:term":[{"taxonomy":"category","embeddable":true,"href":"https:\/\/mav.leine-solling.de\/index.php?rest_route=%2Fwp%2Fv2%2Fcategories&post=324"},{"taxonomy":"post_tag","embeddable":true,"href":"https:\/\/mav.leine-solling.de\/index.php?rest_route=%2Fwp%2Fv2%2Ftags&post=324"}],"curies":[{"name":"wp","href":"https:\/\/api.w.org\/{rel}","templated":true}]}}