{"id":3168,"date":"2018-09-04T10:08:56","date_gmt":"2018-09-04T09:08:56","guid":{"rendered":"http:\/\/mav.leine-solling.de\/?p=3168"},"modified":"2018-09-28T10:11:56","modified_gmt":"2018-09-28T09:11:56","slug":"beschluesse-der-adk-sitzung-vom-23-08-2018","status":"publish","type":"post","link":"https:\/\/mav.leine-solling.de\/?p=3168","title":{"rendered":"Beschl\u00fcsse der ADK Sitzung vom 23.08.2018"},"content":{"rendered":"<p>Die Arbeits- und Dienstrechtliche Kommission (<abbr class='c2c-text-hover' title='Arbeits- und Dienstrechtliche Kommission'>ADK<\/abbr>) hat am 23.08.2018 getagt. Die Arbeitnehmervertreter in der <abbr class='c2c-text-hover' title='Arbeits- und Dienstrechtliche Kommission'>ADK<\/abbr> haben dazu ein Info herausgegeben (zum download hier klicken:\u00a0<a href=\"https:\/\/mav.leine-solling.de\/wp-content\/uploads\/2018\/08\/ADK-Info-1-2018.pdf\"><abbr class='c2c-text-hover' title='Arbeits- und Dienstrechtliche Kommission'>ADK<\/abbr>-Info 1-2018<\/a>).<\/p>\n<p>Wesentliche Ergebnisse der Sitzung:<\/p>\n<ul>\n<li><strong>Auszahlung der Tariferh\u00f6hung im <abbr class='c2c-text-hover' title='Tarifvertrag \u00f6ffentlicher Dienst'>TV-\u00f6D<\/abbr> SuE f\u00fcr p\u00e4dagogische Mitarbeitende in Kitas &#8222;sobald wie technisch m\u00f6glich&#8220; &#8211; r\u00fcckwirkend\u00a0 zum 01.03.2018.\u00a0<\/strong><br \/>\nDurchschnittlich steigen die Geh\u00e4lter um 3,19 %.<br \/>\nZus\u00e4tzlich erhalten Mitarbeitende, die in den Entgeltgruppen S 2 bis S 4 TV\u00f6D eingruppiert sind, eine Einmalzahlung von 250 \u20ac (bei 39 Wochenarbeitsstunden, sonst anteilig entsprechend der Arbeitszeit). Voraussetzung ist, dass das Arbeitsverh\u00e4ltnis am 01.03.2018 bereits bestand und bis 31.12.18 f\u00fcr mindestens einen Tag Anspruch auf Entgelt, Entgeltfortzahlung oder Krankengeldzuschuss besteht.<br \/>\nAuf Mitarbeitende, die sp\u00e4testens mit Ablauf des 31. Juli 2018 aus dem Dienstverh\u00e4ltnis ausgeschieden sind, finden die vorstehenden Regelungen nur dann Anwendung, wenn sie bis zum 31. Januar 2019 einen entsprechenden schriftlichen Antrag an die Personlabteilung schicken.<\/li>\n<li><strong>Einmaliger Zusatzurlaub<\/strong> f\u00fcr Mitarbeitende im Sozialdienst, die ab 01.01.19 neu nach dem <abbr class='c2c-text-hover' title='Tarifvertrag \u00f6ffentlicher Dienst'>TV-\u00f6D<\/abbr> SuE eingruppiert werden.<br \/>\nDie Arbeitnehmervertreter in der <abbr class='c2c-text-hover' title='Arbeits- und Dienstrechtliche Kommission'>ADK<\/abbr> schreiben dazu: &#8222;Ab sofort k\u00f6nnen Besch\u00e4ftigte, die erst verz\u00f6gert unter den TV\u00f6D SuE fallen, zwei zus\u00e4tzliche Urlaubstage als\u00a0teilweisen Ausgleich f\u00fcr die versp\u00e4tete \u00dcbernahme erhalten. Teilzeitbesch\u00e4ftigte erhalten mind. einen Tag zus\u00e4tzlichen Urlaub.&#8220;<br \/>\nDas Landeskirchenamt hat die Erl\u00e4uterungen zum zus\u00e4tzlichen Erholungsurlaub aktualisiert:<\/p>\n<p>Der zus\u00e4tzliche Urlaub f\u00fcr Besch\u00e4ftige im Sozialdienst, die ab 1.1.19 Anspruch auf Zahlung nach <abbr class='c2c-text-hover' title='Tarifvertrag \u00f6ffentlicher Dienst'>TV-\u00f6D<\/abbr> SuE haben, betr\u00e4gt nur bei einer 5 Tage Woche (egal wie viele Arbeitsstunden) 2 Arbeitstage, bei weniger als 5 Tagen wird anteilig gerechnet (\u00a7 26 Abs 1 <abbr class='c2c-text-hover' title='Tarifvertrag der L\u00e4nder'>TV-L<\/abbr> Satz 5-6, s. u.). Bei einer 3-Tage-Woche also: 2 Tage zus\u00e4tzlichen Urlaub \/5 *3 = 1,2 Tage, Gerundet 1 Tag. Bei 4-Tage-Woche: 2\/5*4=1,6 gerundet 2 Tage zus\u00e4tzlichen Urlaub. Es gibt aber zumindest einen Tag zus\u00e4tzlichen Urlaub, egal was die Berechnung ergibt!<br \/>\n<a href=\"https:\/\/mav.leine-solling.de\/wp-content\/uploads\/2018\/09\/2018-09-12-Erl\u00e4uterungen-zur-ARR-\u00fcber-einen-zus\u00e4tzlichen-Erholungsurlaub.pdf\">2018-09-12 Erl\u00e4uterungen zur ARR \u00fcber einen zus\u00e4tzlichen Erholungsurlaub<\/a><\/li>\n<li>In anderen Punkten (<abbr class='c2c-text-hover' title='zum Beispiel'>z.B.<\/abbr> \u00dcberleitung von Mitarbeitenden aus der &#8222;kleinen <abbr class='c2c-text-hover' title='Entgeltgruppe'>EG<\/abbr> 9&#8243; in den <abbr class='c2c-text-hover' title='Tarifvertrag \u00f6ffentlicher Dienst'>TV-\u00f6D<\/abbr>)\u00a0 besteht noch keine Einigkeit bzw. wird weiter verhandelt.<\/li>\n<\/ul>\n","protected":false},"excerpt":{"rendered":"<p>Die Arbeits- und Dienstrechtliche Kommission (<abbr class='c2c-text-hover' title='Arbeits- und Dienstrechtliche Kommission'>ADK<\/abbr>) hat am 23.08.2018 getagt. Die Arbeitnehmervertreter in der <abbr class='c2c-text-hover' title='Arbeits- und Dienstrechtliche Kommission'>ADK<\/abbr> haben dazu ein Info herausgegeben (zum download hier klicken:\u00a0<abbr class='c2c-text-hover' title='Arbeits- und Dienstrechtliche Kommission'>ADK<\/abbr>-Info 1-2018). Wesentliche Ergebnisse der Sitzung: Auszahlung der Tariferh\u00f6hung im <abbr class='c2c-text-hover' title='Tarifvertrag \u00f6ffentlicher Dienst'>TV-\u00f6D<\/abbr> SuE f\u00fcr p\u00e4dagogische Mitarbeitende in Kitas &#8222;sobald wie technisch m\u00f6glich&#8220; &#8211; r\u00fcckwirkend\u00a0 zum 01.03.2018.\u00a0 Durchschnittlich steigen die Geh\u00e4lter um 3,19 %. [&hellip;]<\/p>\n","protected":false},"author":1,"featured_media":0,"comment_status":"closed","ping_status":"closed","sticky":false,"template":"","format":"standard","meta":{"footnotes":""},"categories":[1],"tags":[19,95,40],"class_list":["post-3168","post","type-post","status-publish","format-standard","hentry","category-informationen","tag-adk","tag-gehalt","tag-kita"],"_links":{"self":[{"href":"https:\/\/mav.leine-solling.de\/index.php?rest_route=\/wp\/v2\/posts\/3168","targetHints":{"allow":["GET"]}}],"collection":[{"href":"https:\/\/mav.leine-solling.de\/index.php?rest_route=\/wp\/v2\/posts"}],"about":[{"href":"https:\/\/mav.leine-solling.de\/index.php?rest_route=\/wp\/v2\/types\/post"}],"author":[{"embeddable":true,"href":"https:\/\/mav.leine-solling.de\/index.php?rest_route=\/wp\/v2\/users\/1"}],"replies":[{"embeddable":true,"href":"https:\/\/mav.leine-solling.de\/index.php?rest_route=%2Fwp%2Fv2%2Fcomments&post=3168"}],"version-history":[{"count":6,"href":"https:\/\/mav.leine-solling.de\/index.php?rest_route=\/wp\/v2\/posts\/3168\/revisions"}],"predecessor-version":[{"id":3192,"href":"https:\/\/mav.leine-solling.de\/index.php?rest_route=\/wp\/v2\/posts\/3168\/revisions\/3192"}],"wp:attachment":[{"href":"https:\/\/mav.leine-solling.de\/index.php?rest_route=%2Fwp%2Fv2%2Fmedia&parent=3168"}],"wp:term":[{"taxonomy":"category","embeddable":true,"href":"https:\/\/mav.leine-solling.de\/index.php?rest_route=%2Fwp%2Fv2%2Fcategories&post=3168"},{"taxonomy":"post_tag","embeddable":true,"href":"https:\/\/mav.leine-solling.de\/index.php?rest_route=%2Fwp%2Fv2%2Ftags&post=3168"}],"curies":[{"name":"wp","href":"https:\/\/api.w.org\/{rel}","templated":true}]}}