{"id":3159,"date":"2018-08-22T08:45:53","date_gmt":"2018-08-22T07:45:53","guid":{"rendered":"http:\/\/mav.leine-solling.de\/?p=3159"},"modified":"2018-08-22T08:46:11","modified_gmt":"2018-08-22T07:46:11","slug":"nachzahlung-vermutlich-im-september","status":"publish","type":"post","link":"https:\/\/mav.leine-solling.de\/?p=3159","title":{"rendered":"Nachzahlung vermutlich im September"},"content":{"rendered":"<p style=\"text-align: center;\">Wie die Kirchengewerkschaft Niedersachsen auf ihrer Homepage berichtet, k\u00f6nnte die Nachzahlung der Tariferh\u00f6hung f\u00fcr die Besch\u00e4ftigten im <abbr class='c2c-text-hover' title='Kindertagesst\u00e4tte'>KiTa<\/abbr>-Bereich im September erfolgen.<\/p>\n<p style=\"text-align: center;\">N\u00e4heres hier:<\/p>\n<p style=\"text-align: center;\"><a href=\"http:\/\/kg-nds.de\/nachzahlung-der-tariferhoehung-fuer-die-kita-beschaeftigten-vermutlich-ab-september\/\" target=\"_blank\" rel=\"noopener\">Kirchengewerkschaft Niedersachsen<\/a><\/p>\n","protected":false},"excerpt":{"rendered":"<p>Wie die Kirchengewerkschaft Niedersachsen auf ihrer Homepage berichtet, k\u00f6nnte die Nachzahlung der Tariferh\u00f6hung f\u00fcr die Besch\u00e4ftigten im <abbr class='c2c-text-hover' title='Kindertagesst\u00e4tte'>KiTa<\/abbr>-Bereich im September erfolgen. N\u00e4heres hier: Kirchengewerkschaft Niedersachsen<\/p>\n","protected":false},"author":1,"featured_media":0,"comment_status":"closed","ping_status":"closed","sticky":false,"template":"","format":"standard","meta":{"footnotes":""},"categories":[1],"tags":[],"class_list":["post-3159","post","type-post","status-publish","format-standard","hentry","category-informationen"],"_links":{"self":[{"href":"https:\/\/mav.leine-solling.de\/index.php?rest_route=\/wp\/v2\/posts\/3159","targetHints":{"allow":["GET"]}}],"collection":[{"href":"https:\/\/mav.leine-solling.de\/index.php?rest_route=\/wp\/v2\/posts"}],"about":[{"href":"https:\/\/mav.leine-solling.de\/index.php?rest_route=\/wp\/v2\/types\/post"}],"author":[{"embeddable":true,"href":"https:\/\/mav.leine-solling.de\/index.php?rest_route=\/wp\/v2\/users\/1"}],"replies":[{"embeddable":true,"href":"https:\/\/mav.leine-solling.de\/index.php?rest_route=%2Fwp%2Fv2%2Fcomments&post=3159"}],"version-history":[{"count":2,"href":"https:\/\/mav.leine-solling.de\/index.php?rest_route=\/wp\/v2\/posts\/3159\/revisions"}],"predecessor-version":[{"id":4122,"href":"https:\/\/mav.leine-solling.de\/index.php?rest_route=\/wp\/v2\/posts\/3159\/revisions\/4122"}],"wp:attachment":[{"href":"https:\/\/mav.leine-solling.de\/index.php?rest_route=%2Fwp%2Fv2%2Fmedia&parent=3159"}],"wp:term":[{"taxonomy":"category","embeddable":true,"href":"https:\/\/mav.leine-solling.de\/index.php?rest_route=%2Fwp%2Fv2%2Fcategories&post=3159"},{"taxonomy":"post_tag","embeddable":true,"href":"https:\/\/mav.leine-solling.de\/index.php?rest_route=%2Fwp%2Fv2%2Ftags&post=3159"}],"curies":[{"name":"wp","href":"https:\/\/api.w.org\/{rel}","templated":true}]}}