{"id":3032,"date":"2018-01-19T10:30:27","date_gmt":"2018-01-19T09:30:27","guid":{"rendered":"http:\/\/mav.leine-solling.de\/?p=3032"},"modified":"2018-01-19T10:30:27","modified_gmt":"2018-01-19T09:30:27","slug":"neues-jahr-neues-gehalt","status":"publish","type":"post","link":"https:\/\/mav.leine-solling.de\/?p=3032","title":{"rendered":"Neues Jahr \u2013 Neues Gehalt"},"content":{"rendered":"<p><strong>F\u00fcr wen:<\/strong> F\u00fcr alle, die nicht als p\u00e4dagogische Mitarbeitende im <abbr class='c2c-text-hover' title='Kindertagesst\u00e4tte'>KiTa<\/abbr>-Bereich t\u00e4tig sind. Das sind die Besch\u00e4ftigten, die nach <abbr class='c2c-text-hover' title='Tarifvertrag der L\u00e4nder'>TV-L<\/abbr> bezahlt werden.<\/p>\n<p><strong>Ab wann:<\/strong> die Tariferh\u00f6hung ist die zweite Stufe des Tarifabschlusses aus 2017. Sie trat zum 01.01.18 in Kraft.<\/p>\n<p><strong>Wie viel:<\/strong> Die Tabellenwerte steigen um 2,35 % (brutto).<\/p>\n<p><strong>Und sonst noch:<\/strong> Wer in den Lohngruppen 9-15 des <abbr class='c2c-text-hover' title='Tarifvertrag der L\u00e4nder'>TV-L<\/abbr> eingruppiert ist und bislang die Stufe 5 erreicht hat, wird bei Erf\u00fcllung der Dienstzeiten automatisch in die neu eingef\u00fchrte Lohnstufe 6 eingruppiert.<\/p>\n<p>Genaueres hatten wir schon <a href=\"https:\/\/mav.leine-solling.de\/?p=2789#more-2789\">hier<\/a> geschrieben.<\/p>\n<p><strong>Aber: <\/strong>Seit 01.01.18 gilt auch die Erh\u00f6hung der Eigenbeteiligung der Besch\u00e4ftigten von 0,4 % auf 0,65&nbsp;% an den (gestiegenen) Kosten der Zusatzversorgung (ZVK). Da sich dar\u00fcber hinaus einige andere Lohnnebenkosten wie <abbr class='c2c-text-hover' title='zum Beispiel'>z.B.<\/abbr> der Beitrag zur Rentenversicherung ver\u00e4ndert haben, lohnt sich der aufmerksame Blick auf die Gehaltsmitteilung im Januar allemal.<\/p>\n<p>Mit den Zahlen f\u00fcr Januar wird auch die Gesamt\u00fcbersicht des Einkommens 2017 Ende Januar in den Postf\u00e4chern landen.<\/p>\n","protected":false},"excerpt":{"rendered":"<p>F\u00fcr wen: F\u00fcr alle, die nicht als p\u00e4dagogische Mitarbeitende im <abbr class='c2c-text-hover' title='Kindertagesst\u00e4tte'>KiTa<\/abbr>-Bereich t\u00e4tig sind. Das sind die Besch\u00e4ftigten, die nach <abbr class='c2c-text-hover' title='Tarifvertrag der L\u00e4nder'>TV-L<\/abbr> bezahlt werden. Ab wann: die Tariferh\u00f6hung ist die zweite Stufe des Tarifabschlusses aus 2017. Sie trat zum 01.01.18 in Kraft. Wie viel: Die Tabellenwerte steigen um 2,35 % (brutto). Und sonst noch: Wer in den [&hellip;]<\/p>\n","protected":false},"author":1,"featured_media":0,"comment_status":"closed","ping_status":"closed","sticky":false,"template":"","format":"standard","meta":{"footnotes":""},"categories":[1],"tags":[95,75,105,106],"class_list":["post-3032","post","type-post","status-publish","format-standard","hentry","category-informationen","tag-gehalt","tag-tv-l","tag-zusatzversorgung","tag-zvk"],"_links":{"self":[{"href":"https:\/\/mav.leine-solling.de\/index.php?rest_route=\/wp\/v2\/posts\/3032","targetHints":{"allow":["GET"]}}],"collection":[{"href":"https:\/\/mav.leine-solling.de\/index.php?rest_route=\/wp\/v2\/posts"}],"about":[{"href":"https:\/\/mav.leine-solling.de\/index.php?rest_route=\/wp\/v2\/types\/post"}],"author":[{"embeddable":true,"href":"https:\/\/mav.leine-solling.de\/index.php?rest_route=\/wp\/v2\/users\/1"}],"replies":[{"embeddable":true,"href":"https:\/\/mav.leine-solling.de\/index.php?rest_route=%2Fwp%2Fv2%2Fcomments&post=3032"}],"version-history":[{"count":2,"href":"https:\/\/mav.leine-solling.de\/index.php?rest_route=\/wp\/v2\/posts\/3032\/revisions"}],"predecessor-version":[{"id":3034,"href":"https:\/\/mav.leine-solling.de\/index.php?rest_route=\/wp\/v2\/posts\/3032\/revisions\/3034"}],"wp:attachment":[{"href":"https:\/\/mav.leine-solling.de\/index.php?rest_route=%2Fwp%2Fv2%2Fmedia&parent=3032"}],"wp:term":[{"taxonomy":"category","embeddable":true,"href":"https:\/\/mav.leine-solling.de\/index.php?rest_route=%2Fwp%2Fv2%2Fcategories&post=3032"},{"taxonomy":"post_tag","embeddable":true,"href":"https:\/\/mav.leine-solling.de\/index.php?rest_route=%2Fwp%2Fv2%2Ftags&post=3032"}],"curies":[{"name":"wp","href":"https:\/\/api.w.org\/{rel}","templated":true}]}}