{"id":2941,"date":"2017-08-29T10:34:34","date_gmt":"2017-08-29T09:34:34","guid":{"rendered":"http:\/\/mav.leine-solling.de\/?p=2941"},"modified":"2017-08-29T10:44:36","modified_gmt":"2017-08-29T09:44:36","slug":"arbeitschutzkreis-laedt-ein-zum-thema-gefaehrdungsbeurteilungen","status":"publish","type":"post","link":"https:\/\/mav.leine-solling.de\/?p=2941","title":{"rendered":"Arbeitschutzkreis l\u00e4dt ein zum Thema &#8222;Gef\u00e4hrdungsbeurteilungen&#8220;"},"content":{"rendered":"<p>Eine seit Jahren immer wieder erhobene Forderung der Mitarbeitervertretung wurde im Kirchenkreis Leine-Solling endlich umgesetzt: Auf Kirchenkreisebene wurde ein Arbeitsschutzkreis eingerichtet, der die T\u00e4tigkeiten der Beauftragten f\u00fcr Arbeitssicherheit in den Einrichtungen und Kirchengemeinden koordiniert. Zu einer ersten Informationsveranstaltung f\u00fcr Mitglieder in Kirchenvorst\u00e4nden und andere Verantwortliche wurde bereits im Juni eingeladen. Rund drei\u00dfig Teilnehmende lie\u00dfen sich \u00fcber die \u201eArbeitgeberverantwortung beim Arbeitsschutz\u201c informieren.<br \/>\nDie n\u00e4chste Veranstaltung findet am <strong>19.09.2017 von 19:00 \u2013 21:00 Uhr in der Kirche in Moringen<\/strong> statt. Steffen Ehbrecht von der Evangelischen Fachstelle f\u00fcr Arbeitssicherheit (<abbr class='c2c-text-hover' title='Evangelische Fachstelle f\u00fcr Arbeitssicherheit'>EFAS<\/abbr>) wird \u00fcber das Thema \u201eGef\u00e4hrdungsbeurteilung\u201c informieren. Auf dieser Veranstaltung soll auch ein Formular vorgestellt werden, das der Arbeitsschutzkreis entwickelt hat. Darauf soll die Beurteilung der Arbeitspl\u00e4tze dokumentiert werden. Dies geschieht gemeinsam von Mitarbeitenden und Arbeitgebern, beide unterschreiben auch dieses Formular. So soll eine h\u00f6here Verbindlichkeit beim Thema Arbeitsschutz erreicht werden. Das Formular kann man auch <a href=\"https:\/\/mav.leine-solling.de\/wp-content\/uploads\/2017\/08\/Beurteilung-Arbeitsbedingungen-Kopiervorlage.pdf\">hier<\/a> herunterladen.<\/p>\n","protected":false},"excerpt":{"rendered":"<p>Eine seit Jahren immer wieder erhobene Forderung der Mitarbeitervertretung wurde im Kirchenkreis Leine-Solling endlich umgesetzt: Auf Kirchenkreisebene wurde ein Arbeitsschutzkreis eingerichtet, der die T\u00e4tigkeiten der Beauftragten f\u00fcr Arbeitssicherheit in den Einrichtungen und Kirchengemeinden koordiniert. Zu einer ersten Informationsveranstaltung f\u00fcr Mitglieder in Kirchenvorst\u00e4nden und andere Verantwortliche wurde bereits im Juni eingeladen. Rund drei\u00dfig Teilnehmende lie\u00dfen sich [&hellip;]<\/p>\n","protected":false},"author":1,"featured_media":0,"comment_status":"closed","ping_status":"closed","sticky":false,"template":"","format":"standard","meta":{"footnotes":""},"categories":[1],"tags":[37,38],"class_list":["post-2941","post","type-post","status-publish","format-standard","hentry","category-informationen","tag-arbeitssicherheit","tag-efas"],"_links":{"self":[{"href":"https:\/\/mav.leine-solling.de\/index.php?rest_route=\/wp\/v2\/posts\/2941","targetHints":{"allow":["GET"]}}],"collection":[{"href":"https:\/\/mav.leine-solling.de\/index.php?rest_route=\/wp\/v2\/posts"}],"about":[{"href":"https:\/\/mav.leine-solling.de\/index.php?rest_route=\/wp\/v2\/types\/post"}],"author":[{"embeddable":true,"href":"https:\/\/mav.leine-solling.de\/index.php?rest_route=\/wp\/v2\/users\/1"}],"replies":[{"embeddable":true,"href":"https:\/\/mav.leine-solling.de\/index.php?rest_route=%2Fwp%2Fv2%2Fcomments&post=2941"}],"version-history":[{"count":3,"href":"https:\/\/mav.leine-solling.de\/index.php?rest_route=\/wp\/v2\/posts\/2941\/revisions"}],"predecessor-version":[{"id":2943,"href":"https:\/\/mav.leine-solling.de\/index.php?rest_route=\/wp\/v2\/posts\/2941\/revisions\/2943"}],"wp:attachment":[{"href":"https:\/\/mav.leine-solling.de\/index.php?rest_route=%2Fwp%2Fv2%2Fmedia&parent=2941"}],"wp:term":[{"taxonomy":"category","embeddable":true,"href":"https:\/\/mav.leine-solling.de\/index.php?rest_route=%2Fwp%2Fv2%2Fcategories&post=2941"},{"taxonomy":"post_tag","embeddable":true,"href":"https:\/\/mav.leine-solling.de\/index.php?rest_route=%2Fwp%2Fv2%2Ftags&post=2941"}],"curies":[{"name":"wp","href":"https:\/\/api.w.org\/{rel}","templated":true}]}}