{"id":2894,"date":"2017-06-30T09:58:57","date_gmt":"2017-06-30T08:58:57","guid":{"rendered":"http:\/\/mav.leine-solling.de\/?p=2894"},"modified":"2017-06-30T10:00:26","modified_gmt":"2017-06-30T09:00:26","slug":"einigung-auf-neuberechnung-der-ueberleitung-in-der-zvk-aus-dem-jahr-2002","status":"publish","type":"post","link":"https:\/\/mav.leine-solling.de\/?p=2894","title":{"rendered":"Einigung auf Neuberechnung der \u00dcberleitung in der ZVK aus dem Jahr 2002"},"content":{"rendered":"<p>Damit Mitarbeitende diese Information mit Interesse lesen sollten, m\u00fcssen sie einige Voraussetzungen erf\u00fcllen:<\/p>\n<ol>\n<li>am 01.01.2002 noch keine 55 Jahre alt gewesen sein<\/li>\n<li>zu der Zeit schon im \u00f6ffentlichen Dienst (also auch bei &#8222;Kirchens&#8220;)&nbsp;besch\u00e4ftigt und damit in der Zusatzversorgung versichert gewesen&nbsp; sein<\/li>\n<\/ol>\n<p>2002 (lang, lang ist es her) wurde die Zusatzversorgung umgestellt von einer Vollversorgung auf ein kapitalgest\u00fctztes System (siehe auch <a href=\"https:\/\/mav.leine-solling.de\/?page_id=173\">hier<\/a>&nbsp;). Dabei wurden die bis dahin erworbenen Anspr\u00fcche in das neue System \u00fcbergeleitet. Die Berechnungsformel f\u00fcr diese \u00dcberleitung ist in der Folge zwei Mal durch den Bundesgerichtshof f\u00fcr rechtsunwirksam erkl\u00e4rt worden. Anfang Juni haben sich die Tarifparteien jetzt auf eine neue Formel einigen k\u00f6nnen. &#8222;Bei der alten Berechnung erhielt jeder rentenferne Versicherte&#8220; (das sind die damals unter 55j\u00e4hrigen)&nbsp;&#8222;pro Jahr der Pflichtversicherung in der Zusatzversorgung einen Anteil von 2,25 % der f\u00fcr ihn ermittelten h\u00f6chstm\u00f6glichen Vollleistung. Zuk\u00fcnftig soll sich dieser Faktor, abh\u00e4ngig vom Lebensalter des Besch\u00e4ftigten bei Versicherungsbeginn in der Zusatzversorgungskasse, zwischen 2,25 % und 2,5 % pro Pflichtversicherungsjahr bewegen.&#8220; (Der ganze Beitrag des Gesamtausschusses gibt es <a href=\"http:\/\/www.gamav.de\/archiv\/2017\/startgutschrift_zvk_22_06_2017.htm\">hier<\/a>&nbsp;).<\/p>\n<p>Bis die konkreten Neuberechnungen durchgef\u00fchrt werden k\u00f6nnen, wird aber noch einige Zeit vergehen. Die Einspruchsfristen gegen die Einigung laufen noch, danach werden die Details festgeschrieben, in einem Tarifvertrag formuliert werden und in die Satzungen der einzelnen Zusatzversorgungskassen eingearbeitet werden. Es wird also noch dauern. Sicher ist aber, dass die Neuberechnung nicht beantragt werden muss, sondern automatisch erfolgt. ver.di rechnet damit, dass es bei etwa der H\u00e4lfte der Betroffenen zu einer Verbesserung der Rentenanspr\u00fcche kommen wird. Wir werden berichten.<\/p>\n","protected":false},"excerpt":{"rendered":"<p>Damit Mitarbeitende diese Information mit Interesse lesen sollten, m\u00fcssen sie einige Voraussetzungen erf\u00fcllen: am 01.01.2002 noch keine 55 Jahre alt gewesen sein zu der Zeit schon im \u00f6ffentlichen Dienst (also auch bei &#8222;Kirchens&#8220;)&nbsp;besch\u00e4ftigt und damit in der Zusatzversorgung versichert gewesen&nbsp; sein 2002 (lang, lang ist es her) wurde die Zusatzversorgung umgestellt von einer Vollversorgung auf [&hellip;]<\/p>\n","protected":false},"author":1,"featured_media":0,"comment_status":"closed","ping_status":"closed","sticky":false,"template":"","format":"standard","meta":{"footnotes":""},"categories":[1],"tags":[113,18,105,106],"class_list":["post-2894","post","type-post","status-publish","format-standard","hentry","category-informationen","tag-betriebsrente","tag-ver-di","tag-zusatzversorgung","tag-zvk"],"_links":{"self":[{"href":"https:\/\/mav.leine-solling.de\/index.php?rest_route=\/wp\/v2\/posts\/2894","targetHints":{"allow":["GET"]}}],"collection":[{"href":"https:\/\/mav.leine-solling.de\/index.php?rest_route=\/wp\/v2\/posts"}],"about":[{"href":"https:\/\/mav.leine-solling.de\/index.php?rest_route=\/wp\/v2\/types\/post"}],"author":[{"embeddable":true,"href":"https:\/\/mav.leine-solling.de\/index.php?rest_route=\/wp\/v2\/users\/1"}],"replies":[{"embeddable":true,"href":"https:\/\/mav.leine-solling.de\/index.php?rest_route=%2Fwp%2Fv2%2Fcomments&post=2894"}],"version-history":[{"count":2,"href":"https:\/\/mav.leine-solling.de\/index.php?rest_route=\/wp\/v2\/posts\/2894\/revisions"}],"predecessor-version":[{"id":2896,"href":"https:\/\/mav.leine-solling.de\/index.php?rest_route=\/wp\/v2\/posts\/2894\/revisions\/2896"}],"wp:attachment":[{"href":"https:\/\/mav.leine-solling.de\/index.php?rest_route=%2Fwp%2Fv2%2Fmedia&parent=2894"}],"wp:term":[{"taxonomy":"category","embeddable":true,"href":"https:\/\/mav.leine-solling.de\/index.php?rest_route=%2Fwp%2Fv2%2Fcategories&post=2894"},{"taxonomy":"post_tag","embeddable":true,"href":"https:\/\/mav.leine-solling.de\/index.php?rest_route=%2Fwp%2Fv2%2Ftags&post=2894"}],"curies":[{"name":"wp","href":"https:\/\/api.w.org\/{rel}","templated":true}]}}