{"id":2886,"date":"2017-06-30T08:59:47","date_gmt":"2017-06-30T07:59:47","guid":{"rendered":"http:\/\/mav.leine-solling.de\/?p=2886"},"modified":"2017-06-30T09:01:35","modified_gmt":"2017-06-30T08:01:35","slug":"nachzahlung-der-tariferhoehung-im-tv-l-erst-im-juli","status":"publish","type":"post","link":"https:\/\/mav.leine-solling.de\/?p=2886","title":{"rendered":"Nachzahlung der Tariferh\u00f6hung im TV-L erst im Juli"},"content":{"rendered":"<p>Wie die Personalabteilung mitteilt,&nbsp;wird die Berechnung der Nachzahlung durch den Dienstleister COMRAMO leider erst mit der Juli Abrechnung erfolgen. Die Umsetzung des Beschlusses vom 08.05 h\u00e4tte dann fast drei Monate gedauert! Einziger Trost: Da nach wie vor die Nachzahlung r\u00fcckwirkende zum 01.01.2017 erfolgt, f\u00e4llt sie jetzt halt noch ein bisschen gr\u00f6\u00dfer aus&#8230;<\/p>\n","protected":false},"excerpt":{"rendered":"<p>Wie die Personalabteilung mitteilt,&nbsp;wird die Berechnung der Nachzahlung durch den Dienstleister COMRAMO leider erst mit der Juli Abrechnung erfolgen. Die Umsetzung des Beschlusses vom 08.05 h\u00e4tte dann fast drei Monate gedauert! Einziger Trost: Da nach wie vor die Nachzahlung r\u00fcckwirkende zum 01.01.2017 erfolgt, f\u00e4llt sie jetzt halt noch ein bisschen gr\u00f6\u00dfer aus&#8230;<\/p>\n","protected":false},"author":1,"featured_media":0,"comment_status":"closed","ping_status":"closed","sticky":false,"template":"","format":"standard","meta":{"footnotes":""},"categories":[1],"tags":[],"class_list":["post-2886","post","type-post","status-publish","format-standard","hentry","category-informationen"],"_links":{"self":[{"href":"https:\/\/mav.leine-solling.de\/index.php?rest_route=\/wp\/v2\/posts\/2886","targetHints":{"allow":["GET"]}}],"collection":[{"href":"https:\/\/mav.leine-solling.de\/index.php?rest_route=\/wp\/v2\/posts"}],"about":[{"href":"https:\/\/mav.leine-solling.de\/index.php?rest_route=\/wp\/v2\/types\/post"}],"author":[{"embeddable":true,"href":"https:\/\/mav.leine-solling.de\/index.php?rest_route=\/wp\/v2\/users\/1"}],"replies":[{"embeddable":true,"href":"https:\/\/mav.leine-solling.de\/index.php?rest_route=%2Fwp%2Fv2%2Fcomments&post=2886"}],"version-history":[{"count":2,"href":"https:\/\/mav.leine-solling.de\/index.php?rest_route=\/wp\/v2\/posts\/2886\/revisions"}],"predecessor-version":[{"id":4129,"href":"https:\/\/mav.leine-solling.de\/index.php?rest_route=\/wp\/v2\/posts\/2886\/revisions\/4129"}],"wp:attachment":[{"href":"https:\/\/mav.leine-solling.de\/index.php?rest_route=%2Fwp%2Fv2%2Fmedia&parent=2886"}],"wp:term":[{"taxonomy":"category","embeddable":true,"href":"https:\/\/mav.leine-solling.de\/index.php?rest_route=%2Fwp%2Fv2%2Fcategories&post=2886"},{"taxonomy":"post_tag","embeddable":true,"href":"https:\/\/mav.leine-solling.de\/index.php?rest_route=%2Fwp%2Fv2%2Ftags&post=2886"}],"curies":[{"name":"wp","href":"https:\/\/api.w.org\/{rel}","templated":true}]}}