{"id":2841,"date":"2017-05-10T09:45:12","date_gmt":"2017-05-10T08:45:12","guid":{"rendered":"http:\/\/mav.leine-solling.de\/?p=2841"},"modified":"2017-06-30T08:57:30","modified_gmt":"2017-06-30T07:57:30","slug":"2-mehr-fuer-tv-l-beschaeftigte-rueckwirkend-ab-1-januar-2017","status":"publish","type":"post","link":"https:\/\/mav.leine-solling.de\/?p=2841","title":{"rendered":"2 % mehr f\u00fcr TV-L-Besch\u00e4ftigte, r\u00fcckwirkend ab 1. Januar 2017"},"content":{"rendered":"<p>Das sind doch mal gute Nachrichten aus der <abbr class='c2c-text-hover' title='Arbeits- und Dienstrechtliche Kommission'>ADK<\/abbr>!<\/p>\n<p>In der letzten <abbr class='c2c-text-hover' title='Arbeits- und Dienstrechtliche Kommission'>ADK<\/abbr>-Sitzung vom 8.5.2017 haben die Arbeitgebervertreter erkl\u00e4rt,&nbsp;die&nbsp;Entgelterh\u00f6hungen in H\u00f6he von 2 Prozent bzw. mind. 75 Euro bereits im Vorgriff auf den Abschluss des \u00c4nderungstarifvertrages auszuzahlen. Soweit technisch m\u00f6glich, k\u00f6nnte die Auszahlung r\u00fcckwirkend zum 01.01.2017 bereits im Mai erfolgen.<\/p>\n<p>Nachtrag 30.06.2017: wie die Personalabteilung mitteilt,&nbsp;wird die Nachzahlung durch den Dienstleister COMRAMO leider erst mit der Juli Abrechnung erfolgen. Die Umsetzung des Beschlusses vom 08.05 h\u00e4tte dann fast drei Monate gedauert! Einziger Trost: Da nach wie vor die Nachzahlung r\u00fcckwirkende zum 01.01.2017 erfolgt, f\u00e4llt sie jetzt halt noch ein bisschen gr\u00f6\u00dfer aus&#8230;<\/p>\n<p>Die Details sind hier nachzulesen:<\/p>\n<p><a href=\"https:\/\/mav.leine-solling.de\/wp-content\/uploads\/2017\/05\/ADK-Info-2017_05_08.pdf\"><abbr class='c2c-text-hover' title='Arbeits- und Dienstrechtliche Kommission'>ADK<\/abbr>-Info 2\/2017<\/a><\/p>\n<p>Noch mehr Details finden sich hier:<\/p>\n<p><a href=\"http:\/\/www.gamav.de\/archiv\/2017\/adk_beschluss_15_05_2017.htm\">Gesamtausschuss<\/a><\/p>\n<p>&nbsp;<\/p>\n","protected":false},"excerpt":{"rendered":"<p>Das sind doch mal gute Nachrichten aus der <abbr class='c2c-text-hover' title='Arbeits- und Dienstrechtliche Kommission'>ADK<\/abbr>! In der letzten <abbr class='c2c-text-hover' title='Arbeits- und Dienstrechtliche Kommission'>ADK<\/abbr>-Sitzung vom 8.5.2017 haben die Arbeitgebervertreter erkl\u00e4rt,&nbsp;die&nbsp;Entgelterh\u00f6hungen in H\u00f6he von 2 Prozent bzw. mind. 75 Euro bereits im Vorgriff auf den Abschluss des \u00c4nderungstarifvertrages auszuzahlen. Soweit technisch m\u00f6glich, k\u00f6nnte die Auszahlung r\u00fcckwirkend zum 01.01.2017 bereits im Mai erfolgen. Nachtrag 30.06.2017: wie die Personalabteilung [&hellip;]<\/p>\n","protected":false},"author":1,"featured_media":0,"comment_status":"closed","ping_status":"closed","sticky":false,"template":"","format":"standard","meta":{"footnotes":""},"categories":[1],"tags":[],"class_list":["post-2841","post","type-post","status-publish","format-standard","hentry","category-informationen"],"_links":{"self":[{"href":"https:\/\/mav.leine-solling.de\/index.php?rest_route=\/wp\/v2\/posts\/2841","targetHints":{"allow":["GET"]}}],"collection":[{"href":"https:\/\/mav.leine-solling.de\/index.php?rest_route=\/wp\/v2\/posts"}],"about":[{"href":"https:\/\/mav.leine-solling.de\/index.php?rest_route=\/wp\/v2\/types\/post"}],"author":[{"embeddable":true,"href":"https:\/\/mav.leine-solling.de\/index.php?rest_route=\/wp\/v2\/users\/1"}],"replies":[{"embeddable":true,"href":"https:\/\/mav.leine-solling.de\/index.php?rest_route=%2Fwp%2Fv2%2Fcomments&post=2841"}],"version-history":[{"count":4,"href":"https:\/\/mav.leine-solling.de\/index.php?rest_route=\/wp\/v2\/posts\/2841\/revisions"}],"predecessor-version":[{"id":4131,"href":"https:\/\/mav.leine-solling.de\/index.php?rest_route=\/wp\/v2\/posts\/2841\/revisions\/4131"}],"wp:attachment":[{"href":"https:\/\/mav.leine-solling.de\/index.php?rest_route=%2Fwp%2Fv2%2Fmedia&parent=2841"}],"wp:term":[{"taxonomy":"category","embeddable":true,"href":"https:\/\/mav.leine-solling.de\/index.php?rest_route=%2Fwp%2Fv2%2Fcategories&post=2841"},{"taxonomy":"post_tag","embeddable":true,"href":"https:\/\/mav.leine-solling.de\/index.php?rest_route=%2Fwp%2Fv2%2Ftags&post=2841"}],"curies":[{"name":"wp","href":"https:\/\/api.w.org\/{rel}","templated":true}]}}