{"id":2818,"date":"2017-03-31T09:18:16","date_gmt":"2017-03-31T08:18:16","guid":{"rendered":"http:\/\/mav.leine-solling.de\/?p=2818"},"modified":"2021-10-26T07:25:36","modified_gmt":"2021-10-26T06:25:36","slug":"vorankuendigung-mitarbeitendenversammlung-am-17-10-2017","status":"publish","type":"post","link":"https:\/\/mav.leine-solling.de\/?p=2818","title":{"rendered":"Vorank\u00fcndigung: Mitarbeitendenversammlung am 17.10.2017"},"content":{"rendered":"<p>Bitte schon mal in die Kalender eintragen: Am 17.10.2017 um 18:30 findet f\u00fcr die Mitarbeitenden im Kirchenkreis Leine Solling eine Mitarbeitendenversammlung in der Liebfrauenkirche in Moringen statt.<\/p>\n<p>Ein Thema steht auch schon fest: Ute R\u00e4biger, die Gleichstellungsbeauftragte des Kirchenkreises,\u00a0wird \u00fcber die Vereinbarkeit von famili\u00e4ren Betreuungsaufgaben und Beruf informieren. Ein Thema, das f\u00fcr viele ein sicherlich schwer l\u00f6sbares Problem darstellt.<\/p>\n<p>Wir freuen uns, wenn viele die Gelegenheit der fr\u00fchen Ank\u00fcndigung nutzen und den Termin f\u00fcr diese Veranstaltung frei halten.<\/p>\n","protected":false},"excerpt":{"rendered":"<p>Bitte schon mal in die Kalender eintragen: Am 17.10.2017 um 18:30 findet f\u00fcr die Mitarbeitenden im Kirchenkreis Leine Solling eine Mitarbeitendenversammlung in der Liebfrauenkirche in Moringen statt. Ein Thema steht auch schon fest: Ute R\u00e4biger, die Gleichstellungsbeauftragte des Kirchenkreises,\u00a0wird \u00fcber die Vereinbarkeit von famili\u00e4ren Betreuungsaufgaben und Beruf informieren. Ein Thema, das f\u00fcr viele ein sicherlich [&hellip;]<\/p>\n","protected":false},"author":1,"featured_media":0,"comment_status":"closed","ping_status":"closed","sticky":false,"template":"","format":"standard","meta":{"footnotes":""},"categories":[1],"tags":[82,92,22,111],"class_list":["post-2818","post","type-post","status-publish","format-standard","hentry","category-informationen","tag-gleichstellung","tag-kinderbetreuung","tag-mitarbeiterversammlung","tag-vereinbarkeit-familie-und-beruf"],"_links":{"self":[{"href":"https:\/\/mav.leine-solling.de\/index.php?rest_route=\/wp\/v2\/posts\/2818","targetHints":{"allow":["GET"]}}],"collection":[{"href":"https:\/\/mav.leine-solling.de\/index.php?rest_route=\/wp\/v2\/posts"}],"about":[{"href":"https:\/\/mav.leine-solling.de\/index.php?rest_route=\/wp\/v2\/types\/post"}],"author":[{"embeddable":true,"href":"https:\/\/mav.leine-solling.de\/index.php?rest_route=\/wp\/v2\/users\/1"}],"replies":[{"embeddable":true,"href":"https:\/\/mav.leine-solling.de\/index.php?rest_route=%2Fwp%2Fv2%2Fcomments&post=2818"}],"version-history":[{"count":3,"href":"https:\/\/mav.leine-solling.de\/index.php?rest_route=\/wp\/v2\/posts\/2818\/revisions"}],"predecessor-version":[{"id":4134,"href":"https:\/\/mav.leine-solling.de\/index.php?rest_route=\/wp\/v2\/posts\/2818\/revisions\/4134"}],"wp:attachment":[{"href":"https:\/\/mav.leine-solling.de\/index.php?rest_route=%2Fwp%2Fv2%2Fmedia&parent=2818"}],"wp:term":[{"taxonomy":"category","embeddable":true,"href":"https:\/\/mav.leine-solling.de\/index.php?rest_route=%2Fwp%2Fv2%2Fcategories&post=2818"},{"taxonomy":"post_tag","embeddable":true,"href":"https:\/\/mav.leine-solling.de\/index.php?rest_route=%2Fwp%2Fv2%2Ftags&post=2818"}],"curies":[{"name":"wp","href":"https:\/\/api.w.org\/{rel}","templated":true}]}}