{"id":2789,"date":"2017-02-24T11:32:43","date_gmt":"2017-02-24T10:32:43","guid":{"rendered":"http:\/\/mav.leine-solling.de\/?p=2789"},"modified":"2017-02-24T11:32:43","modified_gmt":"2017-02-24T10:32:43","slug":"tarifergebnis-2017-fuer-den-tv-l-liegt-vor","status":"publish","type":"post","link":"https:\/\/mav.leine-solling.de\/?p=2789","title":{"rendered":"Tarifergebnis 2017 f\u00fcr den TV-L liegt vor"},"content":{"rendered":"<p><span style=\"color: #000000; font-family: Calibri;\">Die Tarifverhandlungen im \u00f6ffentlichen Dienst der L\u00e4nder (<abbr class='c2c-text-hover' title='Tarifvertrag der L\u00e4nder'>TV-L<\/abbr>) haben am 17.02. zu einem Ergebnis gef\u00fchrt. Das hat Auswirkungen f\u00fcr alle Mitarbeitenden im Kirchenkreis und den Gemeinden, die nicht im p\u00e4dagogischen Dienst in den Kindertagesst\u00e4tten arbeiten: f\u00fcr die gilt n\u00e4mlich der <abbr class='c2c-text-hover' title='Tarifvertrag der L\u00e4nder'>TV-L<\/abbr> weiterhin. Und da die Verhandlungen f\u00fcr den <abbr class='c2c-text-hover' title='Tarifvertrag \u00f6ffentlicher Dienst'>TV-\u00f6D<\/abbr> und den <abbr class='c2c-text-hover' title='Tarifvertrag der L\u00e4nder'>TV-L<\/abbr> im Wechsel stattfinden, werden wir uns wohl daran gew\u00f6hnen m\u00fcssen, dass immer irgendwer gerade mehr Geld bekommt.<\/span><!--more--><\/p>\n<p><span style=\"color: #000000; font-family: Calibri;\">Die Einigung der Tarifparteien bedeutet noch nicht, dass f\u00fcr den kirchlichen Dienst die Ergebnisse automatisch \u00fcbernommen werden. Die <abbr class='c2c-text-hover' title='Arbeits- und Dienstrechtliche Kommission'>ADK<\/abbr> muss noch den entsprechenden Beschluss fassen. Wir hoffen, dass entsprechende Verhandlungen z\u00fcgig aufgenommen werden.<\/span><\/p>\n<p><span style=\"color: #000000; font-family: Calibri;\">Die wesentlichen Ergebnisse der Tarifeinigung, soweit Mitarbeitende im Kirchenkreis betroffen sein k\u00f6nnen:<\/span><\/p>\n<p><span style=\"color: #000000;\">\u00b7<\/span><span style=\"font: 7pt 'Times New Roman'; margin: 0px; font-size-adjust: none; font-stretch: normal;\"><span style=\"color: #000000;\">&nbsp;&nbsp;&nbsp;&nbsp;&nbsp;&nbsp;&nbsp;&nbsp; <\/span><\/span><span style=\"color: #000000; font-family: Calibri;\">Die Geh\u00e4lter der Mitarbeitenden steigen r\u00fcckwirkend zum 1. Januar <\/span><b><span style=\"color: #000000; font-family: Calibri;\">2017<\/span><\/b><span style=\"color: #000000; font-family: Calibri;\"> um <\/span><b><span style=\"color: #000000; font-family: Calibri;\">2,00 Prozent,<\/span><\/b><span style=\"color: #000000; font-family: Calibri;\"> abweichend in den unteren Einkommensgruppen<\/span><sup><span style=\"color: #000000; font-family: Calibri; font-size: small;\">1<\/span><\/sup><span style=\"color: #000000; font-family: Calibri;\"> um <\/span><b><span style=\"color: #000000; font-family: Calibri;\">75 Euro<\/span><\/b><span style=\"color: #000000; font-family: Calibri;\">, dadurch liegen die Gehaltszuw\u00e4chse dort \u00fcber den zwei Prozent. Zum 1. Januar <\/span><b><span style=\"color: #000000; font-family: Calibri;\">2018<\/span><\/b><span style=\"color: #000000; font-family: Calibri;\"> gibt es eine weitere Erh\u00f6hung um <\/span><b><span style=\"color: #000000; font-family: Calibri;\">2,35 Prozent<\/span><\/b><span style=\"color: #000000; font-family: Calibri;\">.<br \/>\n<\/span> <sup><span style=\"color: #000000; font-family: Calibri;\">1 <\/span><\/sup><span style=\"color: #000000; font-family: Calibri;\">die \u201eunteren Einkommensgruppen\u201c, f\u00fcr die der Mindestbetrag gilt sind: <abbr class='c2c-text-hover' title='Entgeltgruppe'>EG<\/abbr> 1 bis 8, <abbr class='c2c-text-hover' title='Entgeltgruppe'>EG<\/abbr> 9 Stufen 1 bis 3, <abbr class='c2c-text-hover' title='Entgeltgruppe'>EG<\/abbr> 10, <abbr class='c2c-text-hover' title='Entgeltgruppe'>EG<\/abbr> 11 und <abbr class='c2c-text-hover' title='Entgeltgruppe'>EG<\/abbr> 12 jeweils Stufe 1,<\/span><\/p>\n<p><span style=\"color: #000000;\">\u00b7<\/span><span style=\"font: 7pt 'Times New Roman'; margin: 0px; font-size-adjust: none; font-stretch: normal;\"><span style=\"color: #000000;\">&nbsp;&nbsp;&nbsp;&nbsp;&nbsp;&nbsp;&nbsp;&nbsp; <\/span><\/span><span style=\"color: #000000; font-family: Calibri;\">F\u00fcr die Entgeltgruppen<\/span><b><span style=\"color: #000000; font-family: Calibri;\"> 9 bis 15<\/span><\/b><span style=\"color: #000000; font-family: Calibri;\"> wird die <\/span><b><span style=\"color: #000000; font-family: Calibri;\">Stufe 6<\/span><\/b><span style=\"color: #000000; font-family: Calibri;\"> eingef\u00fchrt. Bislang endeten die Bew\u00e4hrungsstufen bei der Stufe 5. Mitarbeitende, die bereits seit f\u00fcnf oder mehr Jahren in der Stufe 5 ihrer Entgeltgruppe sind, kommen zum Stichtag 1. Januar 2018 automatisch in die Stufe 6. Wer noch nicht in Stufe 5 ist, oder die Wartezeit noch nicht vollst\u00e4ndig erf\u00fcllt haben, durchl\u00e4uft wie gehabt die Stufen 1 bis 5 und wird nach dann insgesamt 15 Jahren Besch\u00e4ftigungsdauer in Stufe 6 eingruppiert. Auch Mitarbeitende in individuellen Endstufen werden in die EG6 \u00fcberf\u00fchrt, wenn dies eine Einkommensverbesserung bedeutet. Die Stufe&nbsp;6 wird <\/span><b><span style=\"color: #000000; font-family: Calibri;\">drei Prozent<\/span><\/b><span style=\"color: #000000; font-family: Calibri;\"> \u00fcber den Entgeltwerten der bisherigen Stufe 5 des Tarifvertrages der L\u00e4nder (<\/span><a href=\"https:\/\/www.gew.de\/tv-l\/abc-des-tv-l\/\"><span style=\"color: #0563c1; font-family: Calibri;\"><abbr class='c2c-text-hover' title='Tarifvertrag der L\u00e4nder'>TV-L<\/abbr><\/span><\/a><span style=\"color: #000000; font-family: Calibri;\">) liegen. Sie wird in zwei Tranchen kommen: <\/span><b><span style=\"color: #000000; font-family: Calibri;\">1,5 Prozent<\/span><\/b><span style=\"color: #000000; font-family: Calibri;\"> zum 1. Januar <\/span><b><span style=\"color: #000000; font-family: Calibri;\">2018<\/span><\/b><span style=\"color: #000000; font-family: Calibri;\"> und <\/span><b><span style=\"color: #000000; font-family: Calibri;\">1,5 Prozent<\/span><\/b><span style=\"color: #000000; font-family: Calibri;\"> zum 1. Oktober <\/span><b><span style=\"color: #000000; font-family: Calibri;\">2018<\/span><\/b><span style=\"color: #000000; font-family: Calibri;\">.<\/span><\/p>\n<p><span style=\"color: #000000;\">\u00b7<\/span><span style=\"font: 7pt 'Times New Roman'; margin: 0px; font-size-adjust: none; font-stretch: normal;\"><span style=\"color: #000000;\">&nbsp;&nbsp;&nbsp;&nbsp;&nbsp;&nbsp;&nbsp;&nbsp; <\/span><\/span><span style=\"color: #000000; font-family: Calibri;\">Sozialarbeiter und Sozialarbeiterinnen erhalten ab 01.01.2017 Zulagen in Abh\u00e4ngigkeit Ihrer Eingruppierung. Im Einzelnen:<br \/>\n<abbr class='c2c-text-hover' title='Entgeltgruppe'>EG<\/abbr> 9 Fg. 2 Teil II 20.4 <abbr class='c2c-text-hover' title='Tarifvertrag der L\u00e4nder'>TV-L<\/abbr>: Zulage 100 \u20ac\/Monat (brutto bei voller Stelle)<br \/>\n<abbr class='c2c-text-hover' title='Entgeltgruppe'>EG<\/abbr> 11 Fg. 2 Teil II 20.4 <abbr class='c2c-text-hover' title='Tarifvertrag der L\u00e4nder'>TV-L<\/abbr>: Zulage 50 \u20ac\/Monat (brutto bei voller Stelle).<br \/>\nAchtung: hier muss noch eine Regelung f\u00fcr Kirchenkreissozialarbeiter eingef\u00fchrt werden, da diese <abbr class='c2c-text-hover' title='Entgeltgruppe'>EG<\/abbr> 10 erhalten, w\u00fcrden sie sonst keine Zulage erhalten.<\/span><\/p>\n<p><span style=\"color: #000000; font-family: Calibri;\">Jetzt warten wir mal ab, wann die Verhandlungen in der <abbr class='c2c-text-hover' title='Arbeits- und Dienstrechtliche Kommission'>ADK<\/abbr> abgeschlossen sind und diese Tarifergebnisse \u00fcbernommen werden.<\/span><\/p>\n<p><span style=\"color: #000000; font-family: Calibri;\">&nbsp;<\/span><\/p>\n","protected":false},"excerpt":{"rendered":"<p>Die Tarifverhandlungen im \u00f6ffentlichen Dienst der L\u00e4nder (<abbr class='c2c-text-hover' title='Tarifvertrag der L\u00e4nder'>TV-L<\/abbr>) haben am 17.02. zu einem Ergebnis gef\u00fchrt. Das hat Auswirkungen f\u00fcr alle Mitarbeitenden im Kirchenkreis und den Gemeinden, die nicht im p\u00e4dagogischen Dienst in den Kindertagesst\u00e4tten arbeiten: f\u00fcr die gilt n\u00e4mlich der <abbr class='c2c-text-hover' title='Tarifvertrag der L\u00e4nder'>TV-L<\/abbr> weiterhin. Und da die Verhandlungen f\u00fcr den <abbr class='c2c-text-hover' title='Tarifvertrag \u00f6ffentlicher Dienst'>TV-\u00f6D<\/abbr> und den <abbr class='c2c-text-hover' title='Tarifvertrag der L\u00e4nder'>TV-L<\/abbr> im Wechsel stattfinden, [&hellip;]<\/p>\n","protected":false},"author":1,"featured_media":0,"comment_status":"closed","ping_status":"closed","sticky":false,"template":"","format":"standard","meta":{"footnotes":""},"categories":[1],"tags":[19,95,61,75],"class_list":["post-2789","post","type-post","status-publish","format-standard","hentry","category-informationen","tag-adk","tag-gehalt","tag-tarifverhandlung","tag-tv-l"],"_links":{"self":[{"href":"https:\/\/mav.leine-solling.de\/index.php?rest_route=\/wp\/v2\/posts\/2789","targetHints":{"allow":["GET"]}}],"collection":[{"href":"https:\/\/mav.leine-solling.de\/index.php?rest_route=\/wp\/v2\/posts"}],"about":[{"href":"https:\/\/mav.leine-solling.de\/index.php?rest_route=\/wp\/v2\/types\/post"}],"author":[{"embeddable":true,"href":"https:\/\/mav.leine-solling.de\/index.php?rest_route=\/wp\/v2\/users\/1"}],"replies":[{"embeddable":true,"href":"https:\/\/mav.leine-solling.de\/index.php?rest_route=%2Fwp%2Fv2%2Fcomments&post=2789"}],"version-history":[{"count":2,"href":"https:\/\/mav.leine-solling.de\/index.php?rest_route=\/wp\/v2\/posts\/2789\/revisions"}],"predecessor-version":[{"id":4135,"href":"https:\/\/mav.leine-solling.de\/index.php?rest_route=\/wp\/v2\/posts\/2789\/revisions\/4135"}],"wp:attachment":[{"href":"https:\/\/mav.leine-solling.de\/index.php?rest_route=%2Fwp%2Fv2%2Fmedia&parent=2789"}],"wp:term":[{"taxonomy":"category","embeddable":true,"href":"https:\/\/mav.leine-solling.de\/index.php?rest_route=%2Fwp%2Fv2%2Fcategories&post=2789"},{"taxonomy":"post_tag","embeddable":true,"href":"https:\/\/mav.leine-solling.de\/index.php?rest_route=%2Fwp%2Fv2%2Ftags&post=2789"}],"curies":[{"name":"wp","href":"https:\/\/api.w.org\/{rel}","templated":true}]}}