{"id":274,"date":"2008-10-15T09:33:51","date_gmt":"2008-10-15T08:33:51","guid":{"rendered":"http:\/\/mav.leine-solling.de\/neu\/?p=274"},"modified":"2008-10-15T09:34:54","modified_gmt":"2008-10-15T08:34:54","slug":"einladung-zur-mitarbeiterversammlung","status":"publish","type":"post","link":"https:\/\/mav.leine-solling.de\/?p=274","title":{"rendered":"Einladung zur Mitarbeiterversammlung"},"content":{"rendered":"<p><!--[endif]--><\/p>\n<p class=\"MsoMacroText\"><span style=\"font-size: 12pt; font-family: &quot;Calibri&quot;,&quot;sans-serif&quot;;\">Liebe Kolleginnen und Kollegen.<\/span><\/p>\n<p class=\"MsoMacroText\"><span style=\"font-size: 12pt; font-family: &quot;Calibri&quot;,&quot;sans-serif&quot;;\"> <\/span><\/p>\n<p class=\"MsoMacroText\"><span style=\"font-size: 12pt; font-family: &quot;Calibri&quot;,&quot;sans-serif&quot;;\">Zur diesj\u00e4hrigen Mitarbeiterversammlung am<\/span><\/p>\n<p class=\"MsoMacroText\"><span style=\"font-size: 12pt; font-family: &quot;Calibri&quot;,&quot;sans-serif&quot;;\"> <\/span><\/p>\n<p class=\"MsoMacroText\"><span style=\"font-size: 12pt; font-family: &quot;Calibri&quot;,&quot;sans-serif&quot;;\"><span> <\/span><strong>Montag, den 03.11.2008<\/strong><\/span><\/p>\n<p class=\"MsoMacroText\"><strong><span style=\"font-size: 12pt; font-family: &quot;Calibri&quot;,&quot;sans-serif&quot;;\"><span> <\/span>um 18:00 Uhr<\/span><\/strong><\/p>\n<p class=\"MsoMacroText\"><strong><span style=\"font-size: 12pt; font-family: &quot;Calibri&quot;,&quot;sans-serif&quot;;\"><span> <\/span>im Gemeindehaus der Corvinus-Kirchengemeinde, Schumannstr. 6 <span> <\/span>in Northeim, <\/span><\/strong><\/p>\n<p class=\"MsoMacroText\"><span style=\"font-size: 12pt; font-family: &quot;Calibri&quot;,&quot;sans-serif&quot;;\"> <\/span><\/p>\n<p class=\"MsoMacroText\"><span style=\"font-size: 12pt; font-family: &quot;Calibri&quot;,&quot;sans-serif&quot;;\">laden wir Sie und Euch hiermit herzlich ein.<\/span><\/p>\n<p class=\"MsoMacroText\"><span style=\"font-size: 12pt; font-family: &quot;Calibri&quot;,&quot;sans-serif&quot;;\"> <\/span><\/p>\n<p class=\"MsoMacroText\"><strong><span style=\"text-decoration: underline;\"><span style=\"font-size: 12pt; font-family: &quot;Calibri&quot;,&quot;sans-serif&quot;;\">Tagesordnung:<\/span><\/span><\/strong><\/p>\n<p class=\"MsoMacroText\" style=\"margin-left: 36pt; text-indent: -18pt;\"><!--[if !supportLists]--><span style=\"font-size: 12pt; font-family: Symbol;\"><span>\u00b7<span style=\"font-style: normal; font-variant: normal; font-weight: normal; font-size: 7pt; line-height: normal; font-size-adjust: none; font-stretch: normal; font-family: &quot;Times New Roman&quot;;\"> <\/span><\/span><\/span><!--[endif]--><span style=\"font-size: 12pt; font-family: &quot;Calibri&quot;,&quot;sans-serif&quot;;\">Begr\u00fc\u00dfung<\/span><\/p>\n<p class=\"MsoMacroText\" style=\"margin-left: 36pt; text-indent: -18pt;\"><!--[if !supportLists]--><span style=\"font-size: 12pt; font-family: Symbol;\"><span>\u00b7<span style=\"font-style: normal; font-variant: normal; font-weight: normal; font-size: 7pt; line-height: normal; font-size-adjust: none; font-stretch: normal; font-family: &quot;Times New Roman&quot;;\"> <\/span><\/span><\/span><!--[endif]--><span style=\"font-size: 12pt; font-family: &quot;Calibri&quot;,&quot;sans-serif&quot;;\">Andacht <\/span><\/p>\n<p class=\"MsoMacroText\" style=\"margin-left: 36pt; text-indent: -18pt;\"><!--[if !supportLists]--><span style=\"font-size: 12pt; font-family: Symbol;\"><span>\u00b7<span style=\"font-style: normal; font-variant: normal; font-weight: normal; font-size: 7pt; line-height: normal; font-size-adjust: none; font-stretch: normal; font-family: &quot;Times New Roman&quot;;\"> <\/span><\/span><\/span><!--[endif]--><span style=\"font-size: 12pt; font-family: &quot;Calibri&quot;,&quot;sans-serif&quot;;\">Rechenschaftsbericht 2008<\/span><\/p>\n<p class=\"MsoMacroText\" style=\"margin-left: 36pt; text-indent: -18pt;\"><!--[if !supportLists]--><span style=\"font-size: 12pt; font-family: Symbol;\"><span>\u00b7<span style=\"font-style: normal; font-variant: normal; font-weight: normal; font-size: 7pt; line-height: normal; font-size-adjust: none; font-stretch: normal; font-family: &quot;Times New Roman&quot;;\"> <\/span><\/span><\/span><!--[endif]--><span style=\"font-size: 12pt; font-family: &quot;Calibri&quot;,&quot;sans-serif&quot;;\">Film: \u201eTraumberuf Erzieherin?!\u201c<\/span><\/p>\n<p class=\"MsoMacroText\" style=\"margin-left: 36pt; text-indent: -18pt;\"><!--[if !supportLists]--><span style=\"font-size: 12pt; font-family: Symbol;\"><span>\u00b7<span style=\"font-style: normal; font-variant: normal; font-weight: normal; font-size: 7pt; line-height: normal; font-size-adjust: none; font-stretch: normal; font-family: &quot;Times New Roman&quot;;\"> <\/span><\/span><\/span><!--[endif]--><span style=\"font-size: 12pt; font-family: &quot;Calibri&quot;,&quot;sans-serif&quot;;\">Pause<\/span><\/p>\n<p class=\"MsoMacroText\" style=\"margin-left: 36pt; text-indent: -18pt;\"><!--[if !supportLists]--><span style=\"font-size: 12pt; font-family: Symbol;\"><span>\u00b7<span style=\"font-style: normal; font-variant: normal; font-weight: normal; font-size: 7pt; line-height: normal; font-size-adjust: none; font-stretch: normal; font-family: &quot;Times New Roman&quot;;\"> <\/span><\/span><\/span><!--[endif]--><span style=\"font-size: 12pt; font-family: &quot;Calibri&quot;,&quot;sans-serif&quot;;\">Infos zum <abbr class='c2c-text-hover' title='Tarifvertrag der L\u00e4nder'>TV-L<\/abbr> (\u00dcberleitung, Einmalzahlung, Fortbildungen)<\/span><\/p>\n<p class=\"MsoMacroText\" style=\"margin-left: 36pt; text-indent: -18pt;\"><!--[if !supportLists]--><span style=\"font-size: 12pt; font-family: Symbol;\"><span>\u00b7<span style=\"font-style: normal; font-variant: normal; font-weight: normal; font-size: 7pt; line-height: normal; font-size-adjust: none; font-stretch: normal; font-family: &quot;Times New Roman&quot;;\"> <\/span><\/span><\/span><!--[endif]--><span style=\"font-size: 12pt; font-family: &quot;Calibri&quot;,&quot;sans-serif&quot;;\">Verschiedenes<\/span><\/p>\n<p class=\"MsoMacroText\"><span style=\"font-size: 12pt; font-family: &quot;Calibri&quot;,&quot;sans-serif&quot;;\"> <\/span><\/p>\n<p class=\"MsoMacroText\"><strong><span style=\"font-size: 12pt; font-family: &quot;Calibri&quot;,&quot;sans-serif&quot;;\">Info:<\/span><\/strong><span style=\"font-size: 12pt; font-family: &quot;Calibri&quot;,&quot;sans-serif&quot;;\"> Die Teilnahme an der Mitarbeiterversammlung z\u00e4hlt als Arbeitszeit. Entstehende Fahrtkosten werden vom Anstellungstr\u00e4ger erstattet. F\u00fcr einen kleinen Imbiss wird wie alle Jahre gesorgt sein. <\/span><\/p>\n<p class=\"MsoMacroText\"><span style=\"font-size: 12pt; font-family: &quot;Calibri&quot;,&quot;sans-serif&quot;;\"> <\/span><\/p>\n<p class=\"MsoMacroText\"><span style=\"font-size: 12pt; font-family: &quot;Calibri&quot;,&quot;sans-serif&quot;;\">Das Ende der Versammlung ist gegen 20:00 Uhr geplant.<\/span><\/p>\n<p class=\"MsoMacroText\"><span style=\"font-size: 12pt; font-family: &quot;Calibri&quot;,&quot;sans-serif&quot;;\"> <\/span><\/p>\n<p class=\"MsoMacroText\"><span style=\"font-size: 12pt; font-family: &quot;Calibri&quot;,&quot;sans-serif&quot;;\">Freundliche Gr\u00fc\u00dfe<\/span><\/p>\n<p class=\"MsoMacroText\">\n<p class=\"MsoMacroText\"><span style=\"font-size: 12pt; font-family: &quot;Calibri&quot;,&quot;sans-serif&quot;;\">G\u00fcnter St\u00f6fer und Rolf Behn <\/span><\/p>\n<p class=\"MsoMacroText\">\n<p class=\"MsoMacroText\"><span style=\"font-size: 12pt; font-family: &quot;Calibri&quot;,&quot;sans-serif&quot;;\">Die Einladung steht hier auch zum Download bereit. Bitte ausdrucken und in den Einrichtungen ver\u00f6ffentlichen. Vielen Dank!<\/span><\/p>\n<p class=\"MsoMacroText\">\n<p class=\"MsoMacroText\"><a href=\"https:\/\/mav.leine-solling.de\/neu\/wp-content\/uploads\/2008\/10\/einladung2008.pdf\">Einladung MA-Versammlung 3.11.2008<\/a><\/p>\n","protected":false},"excerpt":{"rendered":"<p>Liebe Kolleginnen und Kollegen. Zur diesj\u00e4hrigen Mitarbeiterversammlung am Montag, den 03.11.2008 um 18:00 Uhr im Gemeindehaus der Corvinus-Kirchengemeinde, Schumannstr. 6 in Northeim, laden wir Sie und Euch hiermit herzlich ein. Tagesordnung: \u00b7 Begr\u00fc\u00dfung \u00b7 Andacht \u00b7 Rechenschaftsbericht 2008 \u00b7 Film: \u201eTraumberuf Erzieherin?!\u201c \u00b7 Pause \u00b7 Infos zum <abbr class='c2c-text-hover' title='Tarifvertrag der L\u00e4nder'>TV-L<\/abbr> (\u00dcberleitung, Einmalzahlung, Fortbildungen) \u00b7 Verschiedenes Info: Die [&hellip;]<\/p>\n","protected":false},"author":1,"featured_media":0,"comment_status":"open","ping_status":"closed","sticky":false,"template":"","format":"standard","meta":{"footnotes":""},"categories":[1],"tags":[],"class_list":["post-274","post","type-post","status-publish","format-standard","hentry","category-informationen"],"_links":{"self":[{"href":"https:\/\/mav.leine-solling.de\/index.php?rest_route=\/wp\/v2\/posts\/274","targetHints":{"allow":["GET"]}}],"collection":[{"href":"https:\/\/mav.leine-solling.de\/index.php?rest_route=\/wp\/v2\/posts"}],"about":[{"href":"https:\/\/mav.leine-solling.de\/index.php?rest_route=\/wp\/v2\/types\/post"}],"author":[{"embeddable":true,"href":"https:\/\/mav.leine-solling.de\/index.php?rest_route=\/wp\/v2\/users\/1"}],"replies":[{"embeddable":true,"href":"https:\/\/mav.leine-solling.de\/index.php?rest_route=%2Fwp%2Fv2%2Fcomments&post=274"}],"version-history":[{"count":2,"href":"https:\/\/mav.leine-solling.de\/index.php?rest_route=\/wp\/v2\/posts\/274\/revisions"}],"predecessor-version":[{"id":277,"href":"https:\/\/mav.leine-solling.de\/index.php?rest_route=\/wp\/v2\/posts\/274\/revisions\/277"}],"wp:attachment":[{"href":"https:\/\/mav.leine-solling.de\/index.php?rest_route=%2Fwp%2Fv2%2Fmedia&parent=274"}],"wp:term":[{"taxonomy":"category","embeddable":true,"href":"https:\/\/mav.leine-solling.de\/index.php?rest_route=%2Fwp%2Fv2%2Fcategories&post=274"},{"taxonomy":"post_tag","embeddable":true,"href":"https:\/\/mav.leine-solling.de\/index.php?rest_route=%2Fwp%2Fv2%2Ftags&post=274"}],"curies":[{"name":"wp","href":"https:\/\/api.w.org\/{rel}","templated":true}]}}