{"id":2579,"date":"2016-06-02T08:34:43","date_gmt":"2016-06-02T07:34:43","guid":{"rendered":"http:\/\/mav.leine-solling.de\/?p=2579"},"modified":"2016-06-02T09:19:40","modified_gmt":"2016-06-02T08:19:40","slug":"die-mav-fuer-die-wahlperiode-2016-2020","status":"publish","type":"post","link":"https:\/\/mav.leine-solling.de\/?p=2579","title":{"rendered":"Die MAV f\u00fcr die Wahlperiode 2016-2020"},"content":{"rendered":"<p style=\"text-align: center;\">Am 17.05.2016 fand die konstituierende Sitzung der <abbr class='c2c-text-hover' title='Mitarbeitervertretung'>MAV<\/abbr> Leine-Solling f\u00fcr die Wahlperiode 2016-2020 statt.<\/p>\n<p style=\"text-align: center;\">Neu in der <abbr class='c2c-text-hover' title='Mitarbeitervertretung'>MAV<\/abbr> ist die Kollegin Annette Scheil (Erzieherin <abbr class='c2c-text-hover' title='Kindertagesst\u00e4tte'>KiTa<\/abbr> Einbeck) und Kollege Markus Gattermann (Leiter der <abbr class='c2c-text-hover' title='Kindertagesst\u00e4tte'>KiTa<\/abbr> Dassel).<\/p>\n<p style=\"text-align: center;\">Ausgeschieden sind die Kolleginnen Andrea Barnkothe und Susanne Friede. Euch ein ganz herzliches Dankesch\u00f6n f\u00fcr die jahrelange konstruktive Mitarbeit in der <abbr class='c2c-text-hover' title='Mitarbeitervertretung'>MAV<\/abbr>.<\/p>\n<p style=\"text-align: center;\">Die gesamte <abbr class='c2c-text-hover' title='Mitarbeitervertretung'>MAV<\/abbr> Leine-Solling setzt sich aus folgenden neun Mitgliedern zusammen:<\/p>\n<p style=\"text-align: center;\">Rolf Behn (stellvertretender Vorsitzender), Markus Gattermann, Klaudia Kunze, Markus Manig, Annette Scheil (Schriftf\u00fchrerin), Maik Schietzoldt, Martina Spillner, G\u00fcnter St\u00f6fer (Vorsitzender) und Brigitte Tristram.<\/p>\n<p style=\"text-align: center;\">Vielen Dank an den Wahlvorstand und seinen Vorsitzenden Peter Slawik f\u00fcr die bew\u00e4hrte und zuverl\u00e4ssige Durchf\u00fchrung der gesamten Wahl.<\/p>\n","protected":false},"excerpt":{"rendered":"<p>Am 17.05.2016 fand die konstituierende Sitzung der <abbr class='c2c-text-hover' title='Mitarbeitervertretung'>MAV<\/abbr> Leine-Solling f\u00fcr die Wahlperiode 2016-2020 statt. Neu in der <abbr class='c2c-text-hover' title='Mitarbeitervertretung'>MAV<\/abbr> ist die Kollegin Annette Scheil (Erzieherin <abbr class='c2c-text-hover' title='Kindertagesst\u00e4tte'>KiTa<\/abbr> Einbeck) und Kollege Markus Gattermann (Leiter der <abbr class='c2c-text-hover' title='Kindertagesst\u00e4tte'>KiTa<\/abbr> Dassel). Ausgeschieden sind die Kolleginnen Andrea Barnkothe und Susanne Friede. Euch ein ganz herzliches Dankesch\u00f6n f\u00fcr die jahrelange konstruktive Mitarbeit in der [&hellip;]<\/p>\n","protected":false},"author":1,"featured_media":0,"comment_status":"closed","ping_status":"closed","sticky":false,"template":"","format":"standard","meta":{"footnotes":""},"categories":[1],"tags":[],"class_list":["post-2579","post","type-post","status-publish","format-standard","hentry","category-informationen"],"_links":{"self":[{"href":"https:\/\/mav.leine-solling.de\/index.php?rest_route=\/wp\/v2\/posts\/2579","targetHints":{"allow":["GET"]}}],"collection":[{"href":"https:\/\/mav.leine-solling.de\/index.php?rest_route=\/wp\/v2\/posts"}],"about":[{"href":"https:\/\/mav.leine-solling.de\/index.php?rest_route=\/wp\/v2\/types\/post"}],"author":[{"embeddable":true,"href":"https:\/\/mav.leine-solling.de\/index.php?rest_route=\/wp\/v2\/users\/1"}],"replies":[{"embeddable":true,"href":"https:\/\/mav.leine-solling.de\/index.php?rest_route=%2Fwp%2Fv2%2Fcomments&post=2579"}],"version-history":[{"count":5,"href":"https:\/\/mav.leine-solling.de\/index.php?rest_route=\/wp\/v2\/posts\/2579\/revisions"}],"predecessor-version":[{"id":2586,"href":"https:\/\/mav.leine-solling.de\/index.php?rest_route=\/wp\/v2\/posts\/2579\/revisions\/2586"}],"wp:attachment":[{"href":"https:\/\/mav.leine-solling.de\/index.php?rest_route=%2Fwp%2Fv2%2Fmedia&parent=2579"}],"wp:term":[{"taxonomy":"category","embeddable":true,"href":"https:\/\/mav.leine-solling.de\/index.php?rest_route=%2Fwp%2Fv2%2Fcategories&post=2579"},{"taxonomy":"post_tag","embeddable":true,"href":"https:\/\/mav.leine-solling.de\/index.php?rest_route=%2Fwp%2Fv2%2Ftags&post=2579"}],"curies":[{"name":"wp","href":"https:\/\/api.w.org\/{rel}","templated":true}]}}