{"id":2550,"date":"2016-05-13T10:23:01","date_gmt":"2016-05-13T09:23:01","guid":{"rendered":"http:\/\/mav.leine-solling.de\/?p=2550"},"modified":"2016-05-13T10:23:01","modified_gmt":"2016-05-13T09:23:01","slug":"landeskirchenamt-bestaetigt-moeglichkeit-zur-freistellung","status":"publish","type":"post","link":"https:\/\/mav.leine-solling.de\/?p=2550","title":{"rendered":"Landeskirchenamt best\u00e4tigt M\u00f6glichkeit zur Freistellung"},"content":{"rendered":"<p>&nbsp;<\/p>\n<p>In einer <b><span style=\"font-family: Verdana; font-size: small;\">Orientierungshilfe f\u00fcr die Anstellungstr\u00e4ger zur Arbeitsbefreiung<\/span><\/b> hat das Landeskirchenamt die M\u00f6glichkeit zur Freistellung unter Fortzahlung der Bez\u00fcge f\u00fcr die Teilnahme an der geplanten Demonstration zur Synode in Hannover best\u00e4tigt und aufgelistet unter welchen Bedingungen diese erfolgen kann.<\/p>\n<p>Bitte informiert euch hier<\/p>\n<p><strong>&lt;&lt;<a href=\"https:\/\/mav.leine-solling.de\/?attachment_id=2551\" rel=\"attachment wp-att-2551\">2016-05-10 Orientierungshilfe zum Demo-Aufruf der Mitarbeiterverb\u00e4nde<\/a>&gt;&gt;<\/strong><\/p>\n<p>und nutzt die daraus resultierenden M\u00f6glichkeiten.<\/p>\n<p>Der Aufruf der Verb\u00e4nde\u00a0zur Veranstaltung kann <strong><a href=\"https:\/\/mav.leine-solling.de\/?attachment_id=2553\" rel=\"attachment wp-att-2553\">hier<\/a><\/strong>\u00a0gelesen werden.<\/p>\n","protected":false},"excerpt":{"rendered":"<p>&nbsp; In einer Orientierungshilfe f\u00fcr die Anstellungstr\u00e4ger zur Arbeitsbefreiung hat das Landeskirchenamt die M\u00f6glichkeit zur Freistellung unter Fortzahlung der Bez\u00fcge f\u00fcr die Teilnahme an der geplanten Demonstration zur Synode in Hannover best\u00e4tigt und aufgelistet unter welchen Bedingungen diese erfolgen kann. Bitte informiert euch hier &lt;&lt;2016-05-10 Orientierungshilfe zum Demo-Aufruf der Mitarbeiterverb\u00e4nde&gt;&gt; und nutzt die daraus resultierenden [&hellip;]<\/p>\n","protected":false},"author":1,"featured_media":2552,"comment_status":"closed","ping_status":"closed","sticky":false,"template":"","format":"standard","meta":{"footnotes":""},"categories":[1],"tags":[19,70,48,61],"class_list":["post-2550","post","type-post","status-publish","format-standard","hentry","category-informationen","tag-adk","tag-eingruppierung","tag-gewerkschaft","tag-tarifverhandlung"],"_links":{"self":[{"href":"https:\/\/mav.leine-solling.de\/index.php?rest_route=\/wp\/v2\/posts\/2550","targetHints":{"allow":["GET"]}}],"collection":[{"href":"https:\/\/mav.leine-solling.de\/index.php?rest_route=\/wp\/v2\/posts"}],"about":[{"href":"https:\/\/mav.leine-solling.de\/index.php?rest_route=\/wp\/v2\/types\/post"}],"author":[{"embeddable":true,"href":"https:\/\/mav.leine-solling.de\/index.php?rest_route=\/wp\/v2\/users\/1"}],"replies":[{"embeddable":true,"href":"https:\/\/mav.leine-solling.de\/index.php?rest_route=%2Fwp%2Fv2%2Fcomments&post=2550"}],"version-history":[{"count":2,"href":"https:\/\/mav.leine-solling.de\/index.php?rest_route=\/wp\/v2\/posts\/2550\/revisions"}],"predecessor-version":[{"id":4146,"href":"https:\/\/mav.leine-solling.de\/index.php?rest_route=\/wp\/v2\/posts\/2550\/revisions\/4146"}],"wp:featuredmedia":[{"embeddable":true,"href":"https:\/\/mav.leine-solling.de\/index.php?rest_route=\/wp\/v2\/media\/2552"}],"wp:attachment":[{"href":"https:\/\/mav.leine-solling.de\/index.php?rest_route=%2Fwp%2Fv2%2Fmedia&parent=2550"}],"wp:term":[{"taxonomy":"category","embeddable":true,"href":"https:\/\/mav.leine-solling.de\/index.php?rest_route=%2Fwp%2Fv2%2Fcategories&post=2550"},{"taxonomy":"post_tag","embeddable":true,"href":"https:\/\/mav.leine-solling.de\/index.php?rest_route=%2Fwp%2Fv2%2Ftags&post=2550"}],"curies":[{"name":"wp","href":"https:\/\/api.w.org\/{rel}","templated":true}]}}