{"id":2307,"date":"2015-06-11T09:22:59","date_gmt":"2015-06-11T08:22:59","guid":{"rendered":"http:\/\/mav.leine-solling.de\/?p=2307"},"modified":"2015-06-11T09:59:18","modified_gmt":"2015-06-11T08:59:18","slug":"demonstrationsaufruf-fuer-den-bereich-des-sozial-und-erziehungsdienstes","status":"publish","type":"post","link":"https:\/\/mav.leine-solling.de\/?p=2307","title":{"rendered":"Demonstrationsaufruf f\u00fcr den Bereich des Sozial- und Erziehungsdienstes"},"content":{"rendered":"<p style=\"text-align: center;\">F\u00fcr kommenden Samstag, 13.06.2015, plant ver.di\u00a0in Hannover eine Solidarit\u00e4tsdemonstration und eine Kundgebung.<\/p>\n<p><a href=\"https:\/\/mav.leine-solling.de\/wp-content\/uploads\/2015\/06\/soli.jpg\"><img loading=\"lazy\" decoding=\"async\" class=\"aligncenter  wp-image-2308\" src=\"https:\/\/mav.leine-solling.de\/wp-content\/uploads\/2015\/06\/soli-300x212.jpg\" alt=\"Solidarit\u00e4tsdemo 13.06.2015\" width=\"447\" height=\"316\" srcset=\"https:\/\/mav.leine-solling.de\/wp-content\/uploads\/2015\/06\/soli-300x212.jpg 300w, https:\/\/mav.leine-solling.de\/wp-content\/uploads\/2015\/06\/soli.jpg 842w\" sizes=\"auto, (max-width: 447px) 100vw, 447px\" \/><\/a><\/p>\n<p style=\"text-align: center;\">Der Gesamtausschuss der Mitarbeitervertretungen schreibt dazu Folgendes:<\/p>\n<p style=\"text-align: center;\">++++++++++++++++++++++++++++++++++++++++++++++++++<\/p>\n<p style=\"text-align: center;\"><em>Liebe Kolleginnen und Kollegen,<\/em><\/p>\n<p style=\"text-align: center;\"><em>wochenlang wurde im Sozial- und Erziehungsdienst des \u00f6ffentlichen Dienstes\u00a0 f\u00fcr eine bessere Eingruppierung gestreikt. Augenblicklich l\u00e4uft die Schlichtung, die Streiks sind ausgesetzt. Von der Arbeitgeberseite gibt es bisher kein umfassendes Angebot zur Aufwertung der Arbeit im Sozial- und Erziehungsdienst.<\/em><\/p>\n<p style=\"text-align: center;\"><em>F\u00fcr den kommenden Samstag, den 13. Juni 2015 um 12:00 Uhr, hat daher die Gewerkschaft ver.di zu einer Solidarit\u00e4tsdemonstration und Kundgebung in Hannover ab dem Pavillon hinter dem Hauptbahnhof aufgerufen. Auch, wenn von den Tarifverhandlungen die kirchlichen Besch\u00e4ftigten der hannoverschen Landeskirche nicht direkt betroffen sind, wird unsere Landeskirche bei einer Aufwertung der T\u00e4tigkeiten im Sozial- und Erziehungsdienst nat\u00fcrlich folgen m\u00fcssen, um als Arbeitgeber attraktiv zu bleiben. <strong>ver.di erbittet daher auch die Solidarit\u00e4t der kirchlichen Besch\u00e4ftigten und ruft sie zur Teilnahme an der Demonstration am Samstag auf.<\/strong><\/em><\/p>\n<p style=\"text-align: center;\">++++++++++++++++++++++++++++++++++++++++++++++++++<\/p>\n<p style=\"text-align: center;\">Vielleicht kann es ja die\/der eine oder andere einrichten, an der Demo teilzunehmen. Denn &#8211; sollte es zu einer Aufwertung im Sozial- und Erziehungsdienst kommen &#8211; werden auch die MitarbeiterInnen im kirchlichen Bereich davon profitieren.<\/p>\n<p style=\"text-align: center;\">\n","protected":false},"excerpt":{"rendered":"<p>F\u00fcr kommenden Samstag, 13.06.2015, plant ver.di\u00a0in Hannover eine Solidarit\u00e4tsdemonstration und eine Kundgebung. Der Gesamtausschuss der Mitarbeitervertretungen schreibt dazu Folgendes: ++++++++++++++++++++++++++++++++++++++++++++++++++ Liebe Kolleginnen und Kollegen, wochenlang wurde im Sozial- und Erziehungsdienst des \u00f6ffentlichen Dienstes\u00a0 f\u00fcr eine bessere Eingruppierung gestreikt. Augenblicklich l\u00e4uft die Schlichtung, die Streiks sind ausgesetzt. Von der Arbeitgeberseite gibt es bisher kein umfassendes Angebot [&hellip;]<\/p>\n","protected":false},"author":1,"featured_media":0,"comment_status":"closed","ping_status":"closed","sticky":false,"template":"","format":"standard","meta":{"footnotes":""},"categories":[1],"tags":[],"class_list":["post-2307","post","type-post","status-publish","format-standard","hentry","category-informationen"],"_links":{"self":[{"href":"https:\/\/mav.leine-solling.de\/index.php?rest_route=\/wp\/v2\/posts\/2307","targetHints":{"allow":["GET"]}}],"collection":[{"href":"https:\/\/mav.leine-solling.de\/index.php?rest_route=\/wp\/v2\/posts"}],"about":[{"href":"https:\/\/mav.leine-solling.de\/index.php?rest_route=\/wp\/v2\/types\/post"}],"author":[{"embeddable":true,"href":"https:\/\/mav.leine-solling.de\/index.php?rest_route=\/wp\/v2\/users\/1"}],"replies":[{"embeddable":true,"href":"https:\/\/mav.leine-solling.de\/index.php?rest_route=%2Fwp%2Fv2%2Fcomments&post=2307"}],"version-history":[{"count":6,"href":"https:\/\/mav.leine-solling.de\/index.php?rest_route=\/wp\/v2\/posts\/2307\/revisions"}],"predecessor-version":[{"id":2311,"href":"https:\/\/mav.leine-solling.de\/index.php?rest_route=\/wp\/v2\/posts\/2307\/revisions\/2311"}],"wp:attachment":[{"href":"https:\/\/mav.leine-solling.de\/index.php?rest_route=%2Fwp%2Fv2%2Fmedia&parent=2307"}],"wp:term":[{"taxonomy":"category","embeddable":true,"href":"https:\/\/mav.leine-solling.de\/index.php?rest_route=%2Fwp%2Fv2%2Fcategories&post=2307"},{"taxonomy":"post_tag","embeddable":true,"href":"https:\/\/mav.leine-solling.de\/index.php?rest_route=%2Fwp%2Fv2%2Ftags&post=2307"}],"curies":[{"name":"wp","href":"https:\/\/api.w.org\/{rel}","templated":true}]}}