{"id":2258,"date":"2015-04-17T10:39:43","date_gmt":"2015-04-17T09:39:43","guid":{"rendered":"http:\/\/mav.leine-solling.de\/?p=2258"},"modified":"2015-04-17T10:48:50","modified_gmt":"2015-04-17T09:48:50","slug":"das-ging-schnell-gehaltserhoehung-schon-mit-mai-gehalt","status":"publish","type":"post","link":"https:\/\/mav.leine-solling.de\/?p=2258","title":{"rendered":"Das ging schnell: Gehaltserh\u00f6hung schon mit Mai-Gehalt!"},"content":{"rendered":"<p>&#8222;Die Kirchengewerkschaft f\u00fcr Niedersachsen&#8220; berichtet auf Ihrer <a title=\"externer Link zur Webseite der Kirchengewerkschaft Niedersachsen\" href=\"http:\/\/kg-nds.de\/\" target=\"_blank\">Webseite<\/a>,\u00a0 dass in der Vorbereitungsgruppe f\u00fcr die n\u00e4chste <abbr class='c2c-text-hover' title='Arbeits- und Dienstrechtliche Kommission'>ADK<\/abbr> Sitzung Einigkeit in der Frage herrschte, dass die Tarifeinigung f\u00fcr den <abbr class='c2c-text-hover' title='Tarifvertrag der L\u00e4nder'>TV-L<\/abbr> (s. unser Beitrag <a title=\"interner Link zum Beitrag &quot;Tarifeinigung \u2013 und nun?&quot;\" href=\"https:\/\/mav.leine-solling.de\/?p=2241\" target=\"_blank\">hier<\/a>) \u00fcbernommen werden soll. Und nicht nur das, sondern die erh\u00f6hten Geh\u00e4lter sollen (unter dem Vorbehalt der R\u00fcckforderung) im Vorgriff auf einen endg\u00fcltigen <abbr class='c2c-text-hover' title='Arbeits- und Dienstrechtliche Kommission'>ADK<\/abbr> Beschluss schon im Mai ausgezahlt werden.<\/p>\n<p>Da der Tarifabschluss im \u00f6ffentlichen Dienst auch erst nach Ablauf der Erkl\u00e4rungsfrist am 30.04.2015 wirksam wird, w\u00fcrde die Entgelterh\u00f6hung erstmals zeitgleich auch f\u00fcr die kirchlichen Mitarbeitenden \u00fcbernommen. Schneller geht es wirklich nicht.<\/p>\n<p>Da der Tarifvertrag ab 01. M\u00e4rz 2015 gilt, wird es mit dem Mai-Gehalt also 2.1 % mehr Gehalt und f\u00fcr die Monate M\u00e4rz und April eine Nachzahlung der Differenz zum ausgezahlten Gehalt geben.<\/p>\n<p>Die neue Entgelttabelle hat die Kirchengewerkschaft auch schon aufgelegt, sie findet sich <a title=\"externer Link zur aktualisierten Entgelttabelle auf der Webseite der Kirchengewerkschaft Niedersachsen \" href=\"http:\/\/53851051.swh.strato-hosting.eu\/Wordpress\/wp-content\/uploads\/2015\/04\/Entgelttabelle_TV-L_2015.jpg\" target=\"_blank\">hier. <\/a><\/p>\n","protected":false},"excerpt":{"rendered":"<p>&#8222;Die Kirchengewerkschaft f\u00fcr Niedersachsen&#8220; berichtet auf Ihrer Webseite,\u00a0 dass in der Vorbereitungsgruppe f\u00fcr die n\u00e4chste <abbr class='c2c-text-hover' title='Arbeits- und Dienstrechtliche Kommission'>ADK<\/abbr> Sitzung Einigkeit in der Frage herrschte, dass die Tarifeinigung f\u00fcr den <abbr class='c2c-text-hover' title='Tarifvertrag der L\u00e4nder'>TV-L<\/abbr> (s. unser Beitrag hier) \u00fcbernommen werden soll. Und nicht nur das, sondern die erh\u00f6hten Geh\u00e4lter sollen (unter dem Vorbehalt der R\u00fcckforderung) im Vorgriff auf einen endg\u00fcltigen <abbr class='c2c-text-hover' title='Arbeits- und Dienstrechtliche Kommission'>ADK<\/abbr> [&hellip;]<\/p>\n","protected":false},"author":1,"featured_media":0,"comment_status":"closed","ping_status":"closed","sticky":false,"template":"","format":"standard","meta":{"footnotes":""},"categories":[1],"tags":[19,70,91,61,75],"class_list":["post-2258","post","type-post","status-publish","format-standard","hentry","category-informationen","tag-adk","tag-eingruppierung","tag-kirchengewerkschaft","tag-tarifverhandlung","tag-tv-l"],"_links":{"self":[{"href":"https:\/\/mav.leine-solling.de\/index.php?rest_route=\/wp\/v2\/posts\/2258","targetHints":{"allow":["GET"]}}],"collection":[{"href":"https:\/\/mav.leine-solling.de\/index.php?rest_route=\/wp\/v2\/posts"}],"about":[{"href":"https:\/\/mav.leine-solling.de\/index.php?rest_route=\/wp\/v2\/types\/post"}],"author":[{"embeddable":true,"href":"https:\/\/mav.leine-solling.de\/index.php?rest_route=\/wp\/v2\/users\/1"}],"replies":[{"embeddable":true,"href":"https:\/\/mav.leine-solling.de\/index.php?rest_route=%2Fwp%2Fv2%2Fcomments&post=2258"}],"version-history":[{"count":3,"href":"https:\/\/mav.leine-solling.de\/index.php?rest_route=\/wp\/v2\/posts\/2258\/revisions"}],"predecessor-version":[{"id":2289,"href":"https:\/\/mav.leine-solling.de\/index.php?rest_route=\/wp\/v2\/posts\/2258\/revisions\/2289"}],"wp:attachment":[{"href":"https:\/\/mav.leine-solling.de\/index.php?rest_route=%2Fwp%2Fv2%2Fmedia&parent=2258"}],"wp:term":[{"taxonomy":"category","embeddable":true,"href":"https:\/\/mav.leine-solling.de\/index.php?rest_route=%2Fwp%2Fv2%2Fcategories&post=2258"},{"taxonomy":"post_tag","embeddable":true,"href":"https:\/\/mav.leine-solling.de\/index.php?rest_route=%2Fwp%2Fv2%2Ftags&post=2258"}],"curies":[{"name":"wp","href":"https:\/\/api.w.org\/{rel}","templated":true}]}}