{"id":2249,"date":"2015-04-10T09:51:07","date_gmt":"2015-04-10T08:51:07","guid":{"rendered":"http:\/\/mav.leine-solling.de\/?p=2249"},"modified":"2015-04-10T09:51:07","modified_gmt":"2015-04-10T08:51:07","slug":"gew-arbeitgeber-wollen-erzieher-beruf-nicht-aufwerten","status":"publish","type":"post","link":"https:\/\/mav.leine-solling.de\/?p=2249","title":{"rendered":"GEW: \u201eArbeitgeber wollen Erzieher-Beruf nicht aufwerten\u201c"},"content":{"rendered":"<p>Auch die dritte Verhandlungsrunde zwischen der Vereinigung kommunaler Arbeitgeberverb\u00e4nde (VKA) und den Verhandlungskommissionen der Gewerkschaften \u00fcber Verbesserungen im <acronym class=\"c2c-text-hover\" title=\"\" data-hasqtip=\"8\"><abbr class='c2c-text-hover' title='Tarifvertrag \u00f6ffentlicher Dienst'>TV-\u00f6D<\/abbr><\/acronym> SuE blieb ohne Ergebnis. Eine Bewertung der Verhandlungen durch die GEW (Gewerkschaft Erziehung und Wissenschaft) findet sich <a title=\"Externer Link zu Bericht \u00fcber dritte Verhandlungsrunde Tarifvertrag \u00f6ffentlicher Dienst Sozial- und Erziehungsdienst\" href=\"https:\/\/www.gew.de\/GEW_Arbeitgeber_wollen_Erzieher-Beruf_nicht_aufwerten.html\" target=\"_blank\">hier.<\/a><\/p>\n","protected":false},"excerpt":{"rendered":"<p>Auch die dritte Verhandlungsrunde zwischen der Vereinigung kommunaler Arbeitgeberverb\u00e4nde (VKA) und den Verhandlungskommissionen der Gewerkschaften \u00fcber Verbesserungen im <abbr class='c2c-text-hover' title='Tarifvertrag \u00f6ffentlicher Dienst'>TV-\u00f6D<\/abbr> SuE blieb ohne Ergebnis. Eine Bewertung der Verhandlungen durch die GEW (Gewerkschaft Erziehung und Wissenschaft) findet sich hier.<\/p>\n","protected":false},"author":1,"featured_media":0,"comment_status":"closed","ping_status":"closed","sticky":false,"template":"","format":"standard","meta":{"footnotes":""},"categories":[1],"tags":[70,48,40,61],"class_list":["post-2249","post","type-post","status-publish","format-standard","hentry","category-informationen","tag-eingruppierung","tag-gewerkschaft","tag-kita","tag-tarifverhandlung"],"_links":{"self":[{"href":"https:\/\/mav.leine-solling.de\/index.php?rest_route=\/wp\/v2\/posts\/2249","targetHints":{"allow":["GET"]}}],"collection":[{"href":"https:\/\/mav.leine-solling.de\/index.php?rest_route=\/wp\/v2\/posts"}],"about":[{"href":"https:\/\/mav.leine-solling.de\/index.php?rest_route=\/wp\/v2\/types\/post"}],"author":[{"embeddable":true,"href":"https:\/\/mav.leine-solling.de\/index.php?rest_route=\/wp\/v2\/users\/1"}],"replies":[{"embeddable":true,"href":"https:\/\/mav.leine-solling.de\/index.php?rest_route=%2Fwp%2Fv2%2Fcomments&post=2249"}],"version-history":[{"count":3,"href":"https:\/\/mav.leine-solling.de\/index.php?rest_route=\/wp\/v2\/posts\/2249\/revisions"}],"predecessor-version":[{"id":4158,"href":"https:\/\/mav.leine-solling.de\/index.php?rest_route=\/wp\/v2\/posts\/2249\/revisions\/4158"}],"wp:attachment":[{"href":"https:\/\/mav.leine-solling.de\/index.php?rest_route=%2Fwp%2Fv2%2Fmedia&parent=2249"}],"wp:term":[{"taxonomy":"category","embeddable":true,"href":"https:\/\/mav.leine-solling.de\/index.php?rest_route=%2Fwp%2Fv2%2Fcategories&post=2249"},{"taxonomy":"post_tag","embeddable":true,"href":"https:\/\/mav.leine-solling.de\/index.php?rest_route=%2Fwp%2Fv2%2Ftags&post=2249"}],"curies":[{"name":"wp","href":"https:\/\/api.w.org\/{rel}","templated":true}]}}