{"id":2241,"date":"2015-03-31T10:07:14","date_gmt":"2015-03-31T09:07:14","guid":{"rendered":"http:\/\/mav.leine-solling.de\/?p=2241"},"modified":"2015-04-07T10:14:54","modified_gmt":"2015-04-07T09:14:54","slug":"tarifeinigung-und-nun","status":"publish","type":"post","link":"https:\/\/mav.leine-solling.de\/?p=2241","title":{"rendered":"Tarifeinigung &#8211; und nun?"},"content":{"rendered":"<p>Einigung in Potsdam: Am 28.M\u00e4rz 2015 h\u00e4tte symbolisch wei\u00dfer Rauch \u00fcber Potsdam aufsteigen k\u00f6nnen. In der vierten Verhandlungsrunde gab es ein Ergebnis in den Tarifverhandlungen zwischen den Tarifparteien des \u00f6ffentlichen Dienstes der L\u00e4nder: &#8222;Danach werden die Tarifgeh\u00e4lter in zwei Schritten angehoben: R\u00fcckwirkend zum 1. M\u00e4rz 2015 steigen sie um 2,1 Prozent. Zum 1. M\u00e4rz 2016 erfolgt ein weiterer Anhebungsschritt um 2,3 Prozent, mindestens aber um 75 Euro pro Monat. &#8230;Um die Leistung der Zusatzversorgung auch bei steigender Lebenserwartung zu sichern, werden die Beitr\u00e4ge zur Versorgungsanstalt des Bundes und der L\u00e4nder (VBL) im Westen zum 1. Juli 2015 um 0,2 Prozent und in den beiden Folgejahren um jeweils 0,1 Prozent erh\u00f6ht. &#8220; (<a title=\"externer Link zur Startseite der Gewerkschaft ver.di\" href=\"http:\/\/ver.di.de\" target=\"_blank\">ver.di<\/a> Pressemitteilung). Dazu auch: ein ver.di <a href=\"https:\/\/mav.leine-solling.de\/wp-content\/uploads\/2015\/03\/Flugblatt-5-Tarifrunde-TdL-2015-Tarifeinigung.pdf\">Flugblatt 5 Tarifrunde TdL 2015 Tarifeinigung<\/a><\/p>\n<p>Und nun? Mitarbeitende im Kirchenkreis Leine-Solling kommen dann in den Genuss der Gehaltserh\u00f6hung, wenn die <abbr class='c2c-text-hover' title='Arbeits- und Dienstrechtliche Kommission'>ADK<\/abbr> die \u00dcbernahme des Tarifergebnisses beschlie\u00dft. Eine problemlose Verhandlung ist dabei eher nicht zu erwarten. Wie auch im \u00f6ffentlichen Dienst hatten auch die kirchlichen Arbeitgeber Versuche unternommen, die chronisch klammen Kassen der Zusatzversorgung durch die Einf\u00fchrung von Mitarbeiterbeitr\u00e4gen zu stabilisieren. Da k\u00f6nnte dieser Tarifabschluss Wasser auf die M\u00fchlen sein. Derzeit kann jedoch nach dem Mitarbeitergesetz die <abbr class='c2c-text-hover' title='Arbeits- und Dienstrechtliche Kommission'>ADK<\/abbr> nicht \u00fcber die Zusatzversorgung beschlie\u00dfen.<\/p>\n<p>Es bleibt also nur abzuwarten, wie schnell die \u00dcbernahme erfolgt. Am 16.April tagt eine Vorbereitungskommission f\u00fcr die <abbr class='c2c-text-hover' title='Arbeits- und Dienstrechtliche Kommission'>ADK<\/abbr> Sitzung. Vielleicht kann man dann schon eine Tendenz absehen.<\/p>\n<p>Ein Trost ist: Egal wie lang es dauert, der Tarifabschluss gilt ab M\u00e4rz.<\/p>\n","protected":false},"excerpt":{"rendered":"<p>Einigung in Potsdam: Am 28.M\u00e4rz 2015 h\u00e4tte symbolisch wei\u00dfer Rauch \u00fcber Potsdam aufsteigen k\u00f6nnen. In der vierten Verhandlungsrunde gab es ein Ergebnis in den Tarifverhandlungen zwischen den Tarifparteien des \u00f6ffentlichen Dienstes der L\u00e4nder: &#8222;Danach werden die Tarifgeh\u00e4lter in zwei Schritten angehoben: R\u00fcckwirkend zum 1. M\u00e4rz 2015 steigen sie um 2,1 Prozent. Zum 1. M\u00e4rz 2016 [&hellip;]<\/p>\n","protected":false},"author":1,"featured_media":0,"comment_status":"closed","ping_status":"closed","sticky":false,"template":"","format":"standard","meta":{"footnotes":""},"categories":[1],"tags":[],"class_list":["post-2241","post","type-post","status-publish","format-standard","hentry","category-informationen"],"_links":{"self":[{"href":"https:\/\/mav.leine-solling.de\/index.php?rest_route=\/wp\/v2\/posts\/2241","targetHints":{"allow":["GET"]}}],"collection":[{"href":"https:\/\/mav.leine-solling.de\/index.php?rest_route=\/wp\/v2\/posts"}],"about":[{"href":"https:\/\/mav.leine-solling.de\/index.php?rest_route=\/wp\/v2\/types\/post"}],"author":[{"embeddable":true,"href":"https:\/\/mav.leine-solling.de\/index.php?rest_route=\/wp\/v2\/users\/1"}],"replies":[{"embeddable":true,"href":"https:\/\/mav.leine-solling.de\/index.php?rest_route=%2Fwp%2Fv2%2Fcomments&post=2241"}],"version-history":[{"count":3,"href":"https:\/\/mav.leine-solling.de\/index.php?rest_route=\/wp\/v2\/posts\/2241\/revisions"}],"predecessor-version":[{"id":2243,"href":"https:\/\/mav.leine-solling.de\/index.php?rest_route=\/wp\/v2\/posts\/2241\/revisions\/2243"}],"wp:attachment":[{"href":"https:\/\/mav.leine-solling.de\/index.php?rest_route=%2Fwp%2Fv2%2Fmedia&parent=2241"}],"wp:term":[{"taxonomy":"category","embeddable":true,"href":"https:\/\/mav.leine-solling.de\/index.php?rest_route=%2Fwp%2Fv2%2Fcategories&post=2241"},{"taxonomy":"post_tag","embeddable":true,"href":"https:\/\/mav.leine-solling.de\/index.php?rest_route=%2Fwp%2Fv2%2Ftags&post=2241"}],"curies":[{"name":"wp","href":"https:\/\/api.w.org\/{rel}","templated":true}]}}