{"id":2233,"date":"2015-03-24T12:01:47","date_gmt":"2015-03-24T11:01:47","guid":{"rendered":"http:\/\/mav.leine-solling.de\/?p=2233"},"modified":"2015-03-24T12:01:47","modified_gmt":"2015-03-24T11:01:47","slug":"wer-verhandelt-was","status":"publish","type":"post","link":"https:\/\/mav.leine-solling.de\/?p=2233","title":{"rendered":"Wer verhandelt was?"},"content":{"rendered":"<p>Wenn Mitarbeitende einer kirchlichen <abbr class='c2c-text-hover' title='Kindertagesst\u00e4tte'>KiTa<\/abbr> derzeit Nachrichten h\u00f6ren, kommt anscheinend Verwirrung auf. Darauf lassen zumindest die Anfragen schlie\u00dfen, die die <abbr class='c2c-text-hover' title='Mitarbeitervertretung'>MAV<\/abbr> erreichen. Streiks im \u00f6ffentlichen Dienst der L\u00e4nder, Streiks in kommunalen Tagesst\u00e4tten, ver.di und Beamtenbund, ver.di und GEW, Vereinigung kommunaler Arbeitgeberverb\u00e4nde (VKA), Tarifgemeinschaft deutscher L\u00e4nder (TdL), Tarifverhandlungen und Aufwertungskampagne. Und dann auch noch die Frage, was geht es uns an?<\/p>\n<p>Wir versuchen zu sortieren:<br \/>\n<strong>1. Tarifverhandlungen <abbr class='c2c-text-hover' title='Tarifvertrag der L\u00e4nder'>TV-L<\/abbr> in Potsdam<\/strong><br \/>\nHier verhandeln die Gewerkschaften ver.di, GEW und deutscher Beamtenbund u.a. mit der \u201eTarifgemeinschaft deutscher L\u00e4nder (TdL)\u201c nach dem regul\u00e4ren Auslaufen der Tarifvereinbarungen \u00fcber eine Vereinbarung f\u00fcr die n\u00e4chsten Jahre. Betroffen sind die 650.000 Besch\u00e4ftigten der L\u00e4nder (au\u00dfer Hessen) und \u2013wenn die <abbr class='c2c-text-hover' title='Arbeits- und Dienstrechtliche Kommission'>ADK<\/abbr> das Ergebnis \u00fcbernimmt- die Besch\u00e4ftigten im <abbr class='c2c-text-hover' title='Kirchenkreis'>KK<\/abbr> Leine-Solling. Prim\u00e4r geht es um die Anhebung der Geh\u00e4lter, die Arbeitgeber wollen auch \u00fcber eine Ver\u00e4nderung der tariflichen Altersversorgung verhandeln. Bislang sind drei Verhandlungsrunden, begleitet von massiven Warnstreiks im \u00f6ffentlichen Dienst der L\u00e4nder, ohne Ergebnis geblieben.<br \/>\n<strong>2. Tarifverhandlungen zum Sozial- und Erziehungsdienst in M\u00fcnster<\/strong><br \/>\nIm Bereich der kommunalen Arbeitgeber (also Mitarbeitende von St\u00e4dten und Gemeinden) gibt es einen eigenen Tarifvertrag f\u00fcr den Sozial- und Erziehungsdienst: den <abbr class='c2c-text-hover' title='Tarifvertrag \u00f6ffentlicher Dienst'>TV-\u00f6D<\/abbr> SuE. In den Verhandlungen geht es nicht um die regelm\u00e4\u00dfig wiederkehrenden Gehaltstarifverhandlungen, sondern: \u201eVerhandelt werden die Eingruppierungsvorschriften und T\u00e4tigkeitsmerkmale in der entsprechenden Gehaltstabelle sowie zus\u00e4tzliche Verbesserungen beispielsweise f\u00fcr die Behindertenhilfe. Dazu hat ver.di bereits im September 2014 gegen\u00fcber der VKA die Eingruppierungsvorschriften f\u00fcr die Besch\u00e4ftigten im Sozial- und Erziehungsdienst zum 31. Dezember 2014 gek\u00fcndigt.\u201c (https:\/\/www.verdi.de\/themen\/geld-tarif\/soziale-berufe-aufwerten\/++co++d4b52782-bd96-11e4-a8ed-52540059119e). Diese \u201eAufwertungskampagne\u201c wird begleitet von Warnstreiks in KiTas und anderen sozialen Einrichtungen der Kommunen auch in unserer Region.<br \/>\nDiese Verhandlungen entfalten keine unmittelbare Wirkung f\u00fcr Mitarbeitende in kirchlichen KiTas. Aber, wenn in diesen Verhandlungen eine deutlich g\u00fcnstigere Eingruppierung f\u00fcr den Sozial- und Erziehungsdienst im kommunalen Bereich gegen\u00fcber den Mitarbeitenden im kirchlichen Dienst entstehen, w\u00e4chst der Druck auf die <abbr class='c2c-text-hover' title='Arbeits- und Dienstrechtliche Kommission'>ADK<\/abbr>, in diesem Bereich eine Anpassung vorzunehmen. Sonst wird es schwierig, neue Mitarbeitende zu finden. In der Veranstaltung f\u00fcr die Leiter\/innen von KiTas in Leine \u2013Solling mit Werner Massow wurde ausf\u00fchrlich auf die Bedeutung dieser Verhandlungen f\u00fcr die weitere Eingruppierung von <abbr class='c2c-text-hover' title='Kindertagesst\u00e4tte'>KiTa<\/abbr> Leitungen hingewiesen.<\/p>\n","protected":false},"excerpt":{"rendered":"<p>Wenn Mitarbeitende einer kirchlichen <abbr class='c2c-text-hover' title='Kindertagesst\u00e4tte'>KiTa<\/abbr> derzeit Nachrichten h\u00f6ren, kommt anscheinend Verwirrung auf. Darauf lassen zumindest die Anfragen schlie\u00dfen, die die <abbr class='c2c-text-hover' title='Mitarbeitervertretung'>MAV<\/abbr> erreichen. Streiks im \u00f6ffentlichen Dienst der L\u00e4nder, Streiks in kommunalen Tagesst\u00e4tten, ver.di und Beamtenbund, ver.di und GEW, Vereinigung kommunaler Arbeitgeberverb\u00e4nde (VKA), Tarifgemeinschaft deutscher L\u00e4nder (TdL), Tarifverhandlungen und Aufwertungskampagne. Und dann auch noch die Frage, [&hellip;]<\/p>\n","protected":false},"author":1,"featured_media":0,"comment_status":"closed","ping_status":"closed","sticky":false,"template":"","format":"standard","meta":{"footnotes":""},"categories":[1],"tags":[19,70,16,40,61,75,18],"class_list":["post-2233","post","type-post","status-publish","format-standard","hentry","category-informationen","tag-adk","tag-eingruppierung","tag-entgeltordnung","tag-kita","tag-tarifverhandlung","tag-tv-l","tag-ver-di"],"_links":{"self":[{"href":"https:\/\/mav.leine-solling.de\/index.php?rest_route=\/wp\/v2\/posts\/2233","targetHints":{"allow":["GET"]}}],"collection":[{"href":"https:\/\/mav.leine-solling.de\/index.php?rest_route=\/wp\/v2\/posts"}],"about":[{"href":"https:\/\/mav.leine-solling.de\/index.php?rest_route=\/wp\/v2\/types\/post"}],"author":[{"embeddable":true,"href":"https:\/\/mav.leine-solling.de\/index.php?rest_route=\/wp\/v2\/users\/1"}],"replies":[{"embeddable":true,"href":"https:\/\/mav.leine-solling.de\/index.php?rest_route=%2Fwp%2Fv2%2Fcomments&post=2233"}],"version-history":[{"count":1,"href":"https:\/\/mav.leine-solling.de\/index.php?rest_route=\/wp\/v2\/posts\/2233\/revisions"}],"predecessor-version":[{"id":2234,"href":"https:\/\/mav.leine-solling.de\/index.php?rest_route=\/wp\/v2\/posts\/2233\/revisions\/2234"}],"wp:attachment":[{"href":"https:\/\/mav.leine-solling.de\/index.php?rest_route=%2Fwp%2Fv2%2Fmedia&parent=2233"}],"wp:term":[{"taxonomy":"category","embeddable":true,"href":"https:\/\/mav.leine-solling.de\/index.php?rest_route=%2Fwp%2Fv2%2Fcategories&post=2233"},{"taxonomy":"post_tag","embeddable":true,"href":"https:\/\/mav.leine-solling.de\/index.php?rest_route=%2Fwp%2Fv2%2Ftags&post=2233"}],"curies":[{"name":"wp","href":"https:\/\/api.w.org\/{rel}","templated":true}]}}